{"id":17769,"date":"2017-04-13T23:57:07","date_gmt":"2017-04-14T02:57:07","guid":{"rendered":"http:\/\/caririemacao.com\/1\/?p=17769"},"modified":"2017-04-13T23:57:45","modified_gmt":"2017-04-14T02:57:45","slug":"17769","status":"publish","type":"post","link":"https:\/\/www.caririemacao.com\/1\/2017\/04\/13\/17769\/","title":{"rendered":"Temer divulga v\u00eddeo em que chama dela\u00e7\u00e3o da Odebrecht de mentirosa"},"content":{"rendered":"<p>O presidente Michel Temer gravou um v\u00eddeo hoje (13) negando qualquer participa\u00e7\u00e3o no acerto de pagamento de propina da Odebrecht ao PMDB. Temer disse que a mentira \u201ccausa repulsa\u201d e que \u201cjamais colocaria em risco\u201d sua biografia. O v\u00eddeo foi divulgado pela assessoria do Pal\u00e1cio do Planalto na tarde de hoje e publicado na conta de Temer no Twitter.<\/p>\n<div class=\"pgn-interna\">\n<section class=\"l-noticia\">A manifesta\u00e7\u00e3o ocorre ap\u00f3s a divulga\u00e7\u00e3o da dela\u00e7\u00e3o premiada do ex-executivo da empreiteira M\u00e1rcio Faria. Ele afirmou que em uma reuni\u00e3o com Eduardo Cunha, Henrique Eduardo Alves e Michel Temer, no escrit\u00f3rio particular do presidente, foi acertado o pagamento de R$ 40 milh\u00f5es ao PMDB para garantir a vit\u00f3ria da Odebrecht em um processo licitat\u00f3rio da Petrobras.<\/p>\n<p>\u201cA mentira \u00e9 que nessa reuni\u00e3o eu teria ouvido refer\u00eancia a valores financeiros ou a neg\u00f3cios escusos da empresa com pol\u00edticos. Isso jamais aconteceu, nessa reuni\u00e3o, nem em qualquer outra que eu tenha feito ao longo de minha carreira p\u00fablica, com qualquer pessoa f\u00edsica ou jur\u00eddica\u201d, disse o presidente no v\u00eddeo.<\/p>\n<p>Na noite de ontem (12), o presidente j\u00e1 havia divulgado uma nota comentando as den\u00fancias. \u201cJamais colocaria a minha biografia em risco. O verdadeiro homem p\u00fablico tem de estar \u00e0 altura dos seus desafios que envolvem bons momentos e momentos de profundo desconforto. A minha maior aliada \u00e9 a verdade, mat\u00e9ria prima do Judici\u00e1rio, que revelar\u00e1 toda a verdade dos fatos\u201d, defendeu-se.<\/p>\n<p><iframe width=\"560\" height=\"315\" data-src=\"https:\/\/www.youtube.com\/embed\/kCGad1g8Sbk\" frameborder=\"0\" allowfullscreen src=\"data:image\/svg+xml;base64,PHN2ZyB3aWR0aD0iMSIgaGVpZ2h0PSIxIiB4bWxucz0iaHR0cDovL3d3dy53My5vcmcvMjAwMC9zdmciPjwvc3ZnPg==\" class=\"lazyload\" data-load-mode=\"1\"><\/iframe><\/p>\n<p><strong>Dela\u00e7\u00e3o<\/strong><\/p>\n<p>A reuni\u00e3o citada por Faria na dela\u00e7\u00e3o ocorreu em 2010. Na \u00e9poca, Temer era deputado federal e candidato a vice-presidente na chapa com Dilma Rousseff. Cunha e Alves tentavam a \u00a0reelei\u00e7\u00e3o para a C\u00e2mara dos Deputados. M\u00e1rcio Faria disse que a Odebrecht negociou um valor de R$ 40 milh\u00f5es para o \u201cprojeto voar\u201d, ou seja, sacramentar a participa\u00e7\u00e3o da empreiteira em empreendimentos da Petrobras.<\/p>\n<p>Segundo Faria, a Odebrecht j\u00e1 oferecia o melhor pre\u00e7o no processo licitat\u00f3rio e os R$ 40 milh\u00f5es eram para garantir a entrada da empresa no projeto da estatal. A participa\u00e7\u00e3o do ent\u00e3o executivo era para confirmar que a Odebrecht pagaria ao PMDB a quantia informada. \u201cEu fui l\u00e1 para aben\u00e7oar esse compromisso. Eu simplesmente confirmei que honraria os compromissos\u201d.<\/p>\n<p>Al\u00e9m de Temer, seis ministros, incluindo Eliseu Padilha, da Casa Civil, e Moreira Franco, da Secretaria-Geral da Presid\u00eancia da Rep\u00fablica, foram citados em dela\u00e7\u00f5es da Odebrecht e ser\u00e3o investigados pelo Supremo Tribunal Federal (STF). Por ser presidente da Rep\u00fablica, Michel Temer n\u00e3o pode ser investigado por atos anteriores ao mandato em exerc\u00edcio.<\/p>\n<p><strong>CARIRI EM A\u00c7\u00c3O<\/strong><\/p>\n<p>Com Ag\u00eancia Brasil\/Foto: Reprodu\u00e7\u00e3o Google<\/p>\n<p><strong>Leia mais not\u00edcias em\u00a0<\/strong><a href=\"http:\/\/www.caririemacao.com\/\"><strong>caririemacao.com<\/strong><\/a><strong>, siga nossa p\u00e1gina no\u00a0<\/strong><a href=\"https:\/\/www.facebook.com\/CaririEmAcao\/?ref=aymt_homepage_panel\"><strong>Facebook<\/strong><\/a><strong>\u00a0e\u00a0<a href=\"https:\/\/www.instagram.com\/cariri_em_acao\/?hl=pt-br\">Instagram<\/a>\u00a0veja nossas mat\u00e9rias e fotos. Voc\u00ea tamb\u00e9m pode enviar informa\u00e7\u00f5es \u00e0 Reda\u00e7\u00e3o do Portal Cariri em A\u00e7\u00e3o pelo WhatsApp (83) 9 9634.5791, (83) 9 9601-1162.<\/strong><\/p>\n<\/section>\n<\/div>\n","protected":false},"excerpt":{"rendered":"<p>O presidente Michel Temer gravou um v\u00eddeo hoje (13) negando qualquer participa\u00e7\u00e3o no acerto de pagamento de propina da Odebrecht ao PMDB. Temer disse que&hellip; <\/p>\n","protected":false},"author":2,"featured_media":14197,"comment_status":"closed","ping_status":"closed","sticky":false,"template":"","format":"standard","meta":{"sfsi_plus_gutenberg_text_before_share":"","sfsi_plus_gutenberg_show_text_before_share":"","sfsi_plus_gutenberg_icon_type":"","sfsi_plus_gutenberg_icon_alignemt":"","sfsi_plus_gutenburg_max_per_row":"","footnotes":""},"categories":[11],"tags":[],"class_list":["post-17769","post","type-post","status-publish","format-standard","has-post-thumbnail","hentry","category-politica"],"_links":{"self":[{"href":"https:\/\/www.caririemacao.com\/1\/wp-json\/wp\/v2\/posts\/17769","targetHints":{"allow":["GET"]}}],"collection":[{"href":"https:\/\/www.caririemacao.com\/1\/wp-json\/wp\/v2\/posts"}],"about":[{"href":"https:\/\/www.caririemacao.com\/1\/wp-json\/wp\/v2\/types\/post"}],"author":[{"embeddable":true,"href":"https:\/\/www.caririemacao.com\/1\/wp-json\/wp\/v2\/users\/2"}],"replies":[{"embeddable":true,"href":"https:\/\/www.caririemacao.com\/1\/wp-json\/wp\/v2\/comments?post=17769"}],"version-history":[{"count":0,"href":"https:\/\/www.caririemacao.com\/1\/wp-json\/wp\/v2\/posts\/17769\/revisions"}],"wp:featuredmedia":[{"embeddable":true,"href":"https:\/\/www.caririemacao.com\/1\/wp-json\/wp\/v2\/media\/14197"}],"wp:attachment":[{"href":"https:\/\/www.caririemacao.com\/1\/wp-json\/wp\/v2\/media?parent=17769"}],"wp:term":[{"taxonomy":"category","embeddable":true,"href":"https:\/\/www.caririemacao.com\/1\/wp-json\/wp\/v2\/categories?post=17769"},{"taxonomy":"post_tag","embeddable":true,"href":"https:\/\/www.caririemacao.com\/1\/wp-json\/wp\/v2\/tags?post=17769"}],"curies":[{"name":"wp","href":"https:\/\/api.w.org\/{rel}","templated":true}]}}