{"id":17772,"date":"2017-04-14T00:00:30","date_gmt":"2017-04-14T03:00:30","guid":{"rendered":"http:\/\/caririemacao.com\/1\/?p=17772"},"modified":"2017-04-14T00:00:30","modified_gmt":"2017-04-14T03:00:30","slug":"lava-jato-e-a-lista-de-fachin-a-mascara-esta-caindo-diz-lula-sobre-acusacoes-a-outros-partidos","status":"publish","type":"post","link":"https:\/\/www.caririemacao.com\/1\/2017\/04\/14\/lava-jato-e-a-lista-de-fachin-a-mascara-esta-caindo-diz-lula-sobre-acusacoes-a-outros-partidos\/","title":{"rendered":"Lava Jato e a lista de Fachin: &#8216;A m\u00e1scara est\u00e1 caindo&#8217;, diz Lula sobre acusa\u00e7\u00f5es a outros partidos"},"content":{"rendered":"<p>Em entrevista \u00e0 R\u00e1dio Metr\u00f3pole, de Salvador, na manh\u00e3 desta quinta (13), o ex-presidente Luiz In\u00e1cio Lula da Silva disse que n\u00e3o vai &#8220;rir nem chorar&#8221; diante das acusa\u00e7\u00f5es &#8220;irreais&#8221; de delatores da Odebrecht contra ele na Opera\u00e7\u00e3o Lava Jato, tornadas p\u00fablicas na quarta (12).<\/p>\n<p class=\"western\">&#8220;Vou analisar corretamente, ler cada pe\u00e7a do processo para que possa dizer claramente o seguinte: a dela\u00e7\u00e3o tem que ser provada. N\u00e3o basta o cidad\u00e3o falar uma coisa, por mais a s\u00e9rio ou por mais bobagem que seja, tem que provar&#8221;, disse.<\/p>\n<p class=\"western\">&#8220;N\u00e3o posso perder a cabe\u00e7a com cada coisa dessa [acusa\u00e7\u00f5es]. Tenho no\u00e7\u00e3o do que est\u00e1 me jogo neste momento. Hoje vou conversar com meu advogado, vou me preparar para o meu depoimento, vou continuar fazendo pol\u00edtica.&#8221;<\/p>\n<p class=\"western\">O ex-presidente respondia a uma pergunta sobre seu\u00a0depoimento a Sergio Moro, em Curitiba, marcado para 3 de maio. Disse que ser\u00e1 &#8220;a grande oportunidade para ouvir as acusa\u00e7\u00f5es&#8221; e respond\u00ea-las &#8220;com muita tranquilidade&#8221;.<\/p>\n<p class=\"western\">&#8220;Tenho consci\u00eancia de que n\u00e3o vou ser preso. Para ser preso, tem que ter cometido crime e esse crime tem que ser provado.&#8221;<\/p>\n<p class=\"western\" align=\"left\"><span lang=\"pt-BR\">Lula contou que n\u00e3o fica feliz com a\u00a0<\/span><span lang=\"pt-BR\">implica\u00e7\u00e3o dos principais <\/span><span lang=\"pt-BR\">p<\/span><span lang=\"pt-BR\">artidos do pa\u00eds,<\/span><span lang=\"pt-BR\">\u00a0incluindo a oposi\u00e7\u00e3o ao PT, nas dela\u00e7\u00f5es rec\u00e9m-divulgadas.<\/span><\/p>\n<p>&#8220;Mas quando aparecem outros partidos que criminalizaram o PT, primeiro voc\u00ea tem um al\u00edvio. A m\u00e1scara est\u00e1 caindo. Mas queria que n\u00e3o tivesse o PT nem ningu\u00e9m. Queria que se pudesse fazer pol\u00edtica com contribui\u00e7\u00e3o p\u00fablica, fiscaliza\u00e7\u00e3o r\u00edgida da Justi\u00e7a Eleitoral. As contas dos partidos foram aprovadas nos Estados e no Tribunal Superior.&#8221;<\/p>\n<p class=\"western\"><strong>CONSEQU\u00caNCIAS<\/strong><\/p>\n<p class=\"western\">Questionado sobre sua eventual candidatura \u00e0 Presid\u00eancia em 2018, disse estar estimulado: &#8220;Eu estou na disputa. Vou disputar se me deixarem disputar e vou provar que esse pa\u00eds pode voltar a ser feliz&#8221;.<\/p>\n<p class=\"western\">Antes, havia comentado que as acusa\u00e7\u00f5es mexiam com seu &#8220;brio&#8221; e com sua &#8220;honra&#8221; e que lhe davam &#8220;mais disposi\u00e7\u00e3o de brigar&#8221;.&#8221;N\u00e3o nasci para parar no meio do caminho&#8221;, afirmou.<\/p>\n<p id=\"fonte\"><strong>CARIRI EM A\u00c7\u00c3O<\/strong><\/p>\n<p>Com\u00a0Folha de S\u00e3o Paulo\/ Foto: Reprodu\u00e7\u00e3o Google<\/p>\n<p><strong>Leia mais not\u00edcias em\u00a0<\/strong><a href=\"http:\/\/www.caririemacao.com\/\"><strong>caririemacao.com<\/strong><\/a><strong>, siga nossa p\u00e1gina no\u00a0<\/strong><a href=\"https:\/\/www.facebook.com\/CaririEmAcao\/?ref=aymt_homepage_panel\"><strong>Facebook<\/strong><\/a><strong>\u00a0e\u00a0<a href=\"https:\/\/www.instagram.com\/cariri_em_acao\/?hl=pt-br\">Instagram<\/a>\u00a0veja nossas mat\u00e9rias e fotos. Voc\u00ea tamb\u00e9m pode enviar informa\u00e7\u00f5es \u00e0 Reda\u00e7\u00e3o do Portal Cariri em A\u00e7\u00e3o pelo WhatsApp (83) 9 9634.5791, (83) 9 9601-1162.<\/strong><\/p>\n","protected":false},"excerpt":{"rendered":"<p>Em entrevista \u00e0 R\u00e1dio Metr\u00f3pole, de Salvador, na manh\u00e3 desta quinta (13), o ex-presidente Luiz In\u00e1cio Lula da Silva disse que n\u00e3o vai &#8220;rir nem&hellip; <\/p>\n","protected":false},"author":2,"featured_media":9749,"comment_status":"closed","ping_status":"closed","sticky":false,"template":"","format":"standard","meta":{"sfsi_plus_gutenberg_text_before_share":"","sfsi_plus_gutenberg_show_text_before_share":"","sfsi_plus_gutenberg_icon_type":"","sfsi_plus_gutenberg_icon_alignemt":"","sfsi_plus_gutenburg_max_per_row":"","footnotes":""},"categories":[11],"tags":[],"class_list":["post-17772","post","type-post","status-publish","format-standard","has-post-thumbnail","hentry","category-politica"],"_links":{"self":[{"href":"https:\/\/www.caririemacao.com\/1\/wp-json\/wp\/v2\/posts\/17772","targetHints":{"allow":["GET"]}}],"collection":[{"href":"https:\/\/www.caririemacao.com\/1\/wp-json\/wp\/v2\/posts"}],"about":[{"href":"https:\/\/www.caririemacao.com\/1\/wp-json\/wp\/v2\/types\/post"}],"author":[{"embeddable":true,"href":"https:\/\/www.caririemacao.com\/1\/wp-json\/wp\/v2\/users\/2"}],"replies":[{"embeddable":true,"href":"https:\/\/www.caririemacao.com\/1\/wp-json\/wp\/v2\/comments?post=17772"}],"version-history":[{"count":0,"href":"https:\/\/www.caririemacao.com\/1\/wp-json\/wp\/v2\/posts\/17772\/revisions"}],"wp:featuredmedia":[{"embeddable":true,"href":"https:\/\/www.caririemacao.com\/1\/wp-json\/wp\/v2\/media\/9749"}],"wp:attachment":[{"href":"https:\/\/www.caririemacao.com\/1\/wp-json\/wp\/v2\/media?parent=17772"}],"wp:term":[{"taxonomy":"category","embeddable":true,"href":"https:\/\/www.caririemacao.com\/1\/wp-json\/wp\/v2\/categories?post=17772"},{"taxonomy":"post_tag","embeddable":true,"href":"https:\/\/www.caririemacao.com\/1\/wp-json\/wp\/v2\/tags?post=17772"}],"curies":[{"name":"wp","href":"https:\/\/api.w.org\/{rel}","templated":true}]}}