{"id":177731,"date":"2020-07-07T14:04:35","date_gmt":"2020-07-07T17:04:35","guid":{"rendered":"https:\/\/www.caririemacao.com\/1\/?p=177731"},"modified":"2020-07-07T14:04:35","modified_gmt":"2020-07-07T17:04:35","slug":"volta-as-aulas-presenciais-na-paraiba-pode-ter-rodizio-de-estudantes-e-reposicoes-aos-sabados","status":"publish","type":"post","link":"https:\/\/www.caririemacao.com\/1\/2020\/07\/07\/volta-as-aulas-presenciais-na-paraiba-pode-ter-rodizio-de-estudantes-e-reposicoes-aos-sabados\/","title":{"rendered":"Volta \u00e0s aulas presenciais na Para\u00edba pode ter rod\u00edzio de estudantes e reposi\u00e7\u00f5es aos s\u00e1bados"},"content":{"rendered":"\n<p>Ainda sem data prevista para acontecer, o retorno \u00e0s aulas presenciais dever\u00e1 trazer novidades para a rotina de estudantes, professores e funcion\u00e1rios de escolas da Para\u00edba. Revezamento nos hor\u00e1rios de entrada, sa\u00edda, alimenta\u00e7\u00e3o e recrea\u00e7\u00e3o; cancelamento de atividades em grupo s\u00e3o algumas das mudan\u00e7as previstas nas&nbsp;\u201dDiretrizes para protocolo de retorno \u00e0s aulas presenciais\u201d&nbsp;elaboradas pelo Conselho Nacional de Secret\u00e1rios de Educa\u00e7\u00e3o (Consed).<\/p>\n\n\n\n<p>O secret\u00e1rio de Educa\u00e7\u00e3o da Para\u00edba, Cl\u00e1udio Furtado, \u00e9 um dos coordenadores da Frente Protocolo de Retomada das Aulas, respons\u00e1vel pela elabora\u00e7\u00e3o do plano. De acordo com a assessoria de comunica\u00e7\u00e3o da Secretaria de Estado da Educa\u00e7\u00e3o, o Plano para retomada das aulas no estado est\u00e1 sendo feito com base nessas diretrizes, embora ainda n\u00e3o esteja totalmente pronto. A princ\u00edpio, as regras servem para escolas estaduais da Para\u00edba.<\/p>\n\n\n\n<p>Veja detalhes:<\/p>\n\n\n\n<p><strong>Seguran\u00e7a e higiene<\/strong><\/p>\n\n\n\n<p>As diretrizes preveem, entre outras coisas, que seja observado o distanciamento dentro de sala de aula, o que pode resultar em redu\u00e7\u00e3o no n\u00famero de alunos por turma. Uma das op\u00e7\u00f5es para isso, seria o revezamento de alunos nas aulas. Tamb\u00e9m deve haver uma sinaliza\u00e7\u00e3o de rotas dentro da escola para que os alunos mantenham a dist\u00e2ncia entre si.<\/p>\n\n\n\n<p>O protocolo tamb\u00e9m fala em controle de temperatura de estudantes e servidores e disponibilidade de m\u00e1scaras individuais e \u00e1lcool em gel. Bebedouros com disparo para a boca devem ser desativados. Os refeit\u00f3rios devem ter lugar marcado.<\/p>\n\n\n\n<p>No transporte escolar, o n\u00famero de passageiros ser\u00e1 reduzido e os \u00f4nibus devem passar por desinfec\u00e7\u00e3o.<\/p>\n\n\n\n<p><strong>Curr\u00edculo escolar<\/strong><\/p>\n\n\n\n<p>O protocolo apresenta algumas alternativas para o cumprimento da carga hor\u00e1ria m\u00ednima anual. S\u00e3o elas: a amplia\u00e7\u00e3o da jornada di\u00e1ria nas escolas; reposi\u00e7\u00e3o de aulas aos s\u00e1bados; reposi\u00e7\u00e3o de aulas em turnos alternativos; prorroga\u00e7\u00e3o do calend\u00e1rio para o per\u00edodo de recesso ou para o ano seguinte; ou reuni\u00e3o de dois anos ou s\u00e9ries consecutivas.<\/p>\n\n\n\n<p><strong>Em caso de nova suspens\u00e3o<\/strong><\/p>\n\n\n\n<p>O documento traz diretrizes para o caso de haver nova suspens\u00e3o das aulas. Devem haver meios tecnol\u00f3gicos que permitam a reuni\u00e3o dos educadores e a continuidade do processo pedag\u00f3gico, como plataforma de ensino acess\u00edvel para os estudantes, planos de dados gratuitos para alunos e log\u00edstica para entrega de material impresso a alunos que n\u00e3o tenham acesso \u00e0 internet. Tamb\u00e9m deve haver distribui\u00e7\u00e3o de alimenta\u00e7\u00e3o ou ajuda financeira \u00e0s fam\u00edlias dos estudantes e estrat\u00e9gias para o acompanhamento destes.<\/p>\n","protected":false},"excerpt":{"rendered":"<p>Ainda sem data prevista para acontecer, o retorno \u00e0s aulas presenciais dever\u00e1 trazer novidades para a rotina de estudantes, professores e funcion\u00e1rios de escolas da&hellip; <\/p>\n","protected":false},"author":2,"featured_media":89837,"comment_status":"closed","ping_status":"closed","sticky":false,"template":"","format":"standard","meta":{"sfsi_plus_gutenberg_text_before_share":"","sfsi_plus_gutenberg_show_text_before_share":"","sfsi_plus_gutenberg_icon_type":"","sfsi_plus_gutenberg_icon_alignemt":"","sfsi_plus_gutenburg_max_per_row":"","footnotes":""},"categories":[14],"tags":[],"class_list":["post-177731","post","type-post","status-publish","format-standard","has-post-thumbnail","hentry","category-educacao"],"_links":{"self":[{"href":"https:\/\/www.caririemacao.com\/1\/wp-json\/wp\/v2\/posts\/177731","targetHints":{"allow":["GET"]}}],"collection":[{"href":"https:\/\/www.caririemacao.com\/1\/wp-json\/wp\/v2\/posts"}],"about":[{"href":"https:\/\/www.caririemacao.com\/1\/wp-json\/wp\/v2\/types\/post"}],"author":[{"embeddable":true,"href":"https:\/\/www.caririemacao.com\/1\/wp-json\/wp\/v2\/users\/2"}],"replies":[{"embeddable":true,"href":"https:\/\/www.caririemacao.com\/1\/wp-json\/wp\/v2\/comments?post=177731"}],"version-history":[{"count":1,"href":"https:\/\/www.caririemacao.com\/1\/wp-json\/wp\/v2\/posts\/177731\/revisions"}],"predecessor-version":[{"id":177732,"href":"https:\/\/www.caririemacao.com\/1\/wp-json\/wp\/v2\/posts\/177731\/revisions\/177732"}],"wp:featuredmedia":[{"embeddable":true,"href":"https:\/\/www.caririemacao.com\/1\/wp-json\/wp\/v2\/media\/89837"}],"wp:attachment":[{"href":"https:\/\/www.caririemacao.com\/1\/wp-json\/wp\/v2\/media?parent=177731"}],"wp:term":[{"taxonomy":"category","embeddable":true,"href":"https:\/\/www.caririemacao.com\/1\/wp-json\/wp\/v2\/categories?post=177731"},{"taxonomy":"post_tag","embeddable":true,"href":"https:\/\/www.caririemacao.com\/1\/wp-json\/wp\/v2\/tags?post=177731"}],"curies":[{"name":"wp","href":"https:\/\/api.w.org\/{rel}","templated":true}]}}