{"id":17774,"date":"2017-04-14T00:10:04","date_gmt":"2017-04-14T03:10:04","guid":{"rendered":"http:\/\/caririemacao.com\/1\/?p=17774"},"modified":"2017-04-14T00:24:03","modified_gmt":"2017-04-14T03:24:03","slug":"ricardo-tem-mais-de-73-de-aprovacao-do-governo-revela-pesquisa","status":"publish","type":"post","link":"https:\/\/www.caririemacao.com\/1\/2017\/04\/14\/ricardo-tem-mais-de-73-de-aprovacao-do-governo-revela-pesquisa\/","title":{"rendered":"Ricardo tem mais de 73% de aprova\u00e7\u00e3o do governo, revela pesquisa"},"content":{"rendered":"<div>O governador Ricardo Coutinho tem 73,4% de aprova\u00e7\u00e3o no Estado, segundo pesquisa do Centro Integrado de Pesquisa e Comunica\u00e7\u00e3o divulgada nesta quinta-feira (13).<\/div>\n<div>\n<p>Ricardo tem se notabilizado no pa\u00eds inteiro por ter sua gest\u00e3o equilibrada financeiramente e mantendo o ritmo de obras do Estado, com a constru\u00e7\u00e3o de rodovias, adutoras, escolas t\u00e9cnicas e tantas outras a\u00e7\u00f5es e benef\u00edcios.<\/p>\n<\/div>\n<div>\n<p>Al\u00e9m disso, a Para\u00edba ocupa a s\u00e9tima coloca\u00e7\u00e3o em um ranking divulgado recentemente sobre a situa\u00e7\u00e3o fiscal dos estados feito pela Federa\u00e7\u00e3o das Ind\u00fastrias do Rio de Janeiro.<\/p>\n<p><strong>CARIRI EM A\u00c7\u00c3O<\/strong><\/p>\n<p>Com Para\u00edba J\u00e1\/ Foto: Reprodu\u00e7\u00e3o Google<\/p>\n<p><strong>Leia mais not\u00edcias em\u00a0<\/strong><a href=\"http:\/\/www.caririemacao.com\/\"><strong>caririemacao.com<\/strong><\/a><strong>, siga nossa p\u00e1gina no\u00a0<\/strong><a href=\"https:\/\/www.facebook.com\/CaririEmAcao\/?ref=aymt_homepage_panel\"><strong>Facebook<\/strong><\/a><strong>\u00a0e\u00a0<a href=\"https:\/\/www.instagram.com\/cariri_em_acao\/?hl=pt-br\">Instagram<\/a>\u00a0veja nossas mat\u00e9rias e fotos. Voc\u00ea tamb\u00e9m pode enviar informa\u00e7\u00f5es \u00e0 Reda\u00e7\u00e3o do Portal Cariri em A\u00e7\u00e3o pelo WhatsApp (83) 9 9634.5791, (83) 9 9601-1162.<\/strong><\/p>\n<\/div>\n","protected":false},"excerpt":{"rendered":"<p>O governador Ricardo Coutinho tem 73,4% de aprova\u00e7\u00e3o no Estado, segundo pesquisa do Centro Integrado de Pesquisa e Comunica\u00e7\u00e3o divulgada nesta quinta-feira (13). Ricardo tem&hellip; <\/p>\n","protected":false},"author":2,"featured_media":17775,"comment_status":"closed","ping_status":"closed","sticky":false,"template":"","format":"standard","meta":{"sfsi_plus_gutenberg_text_before_share":"","sfsi_plus_gutenberg_show_text_before_share":"","sfsi_plus_gutenberg_icon_type":"","sfsi_plus_gutenberg_icon_alignemt":"","sfsi_plus_gutenburg_max_per_row":"","footnotes":""},"categories":[11],"tags":[],"class_list":["post-17774","post","type-post","status-publish","format-standard","has-post-thumbnail","hentry","category-politica"],"_links":{"self":[{"href":"https:\/\/www.caririemacao.com\/1\/wp-json\/wp\/v2\/posts\/17774","targetHints":{"allow":["GET"]}}],"collection":[{"href":"https:\/\/www.caririemacao.com\/1\/wp-json\/wp\/v2\/posts"}],"about":[{"href":"https:\/\/www.caririemacao.com\/1\/wp-json\/wp\/v2\/types\/post"}],"author":[{"embeddable":true,"href":"https:\/\/www.caririemacao.com\/1\/wp-json\/wp\/v2\/users\/2"}],"replies":[{"embeddable":true,"href":"https:\/\/www.caririemacao.com\/1\/wp-json\/wp\/v2\/comments?post=17774"}],"version-history":[{"count":0,"href":"https:\/\/www.caririemacao.com\/1\/wp-json\/wp\/v2\/posts\/17774\/revisions"}],"wp:featuredmedia":[{"embeddable":true,"href":"https:\/\/www.caririemacao.com\/1\/wp-json\/wp\/v2\/media\/17775"}],"wp:attachment":[{"href":"https:\/\/www.caririemacao.com\/1\/wp-json\/wp\/v2\/media?parent=17774"}],"wp:term":[{"taxonomy":"category","embeddable":true,"href":"https:\/\/www.caririemacao.com\/1\/wp-json\/wp\/v2\/categories?post=17774"},{"taxonomy":"post_tag","embeddable":true,"href":"https:\/\/www.caririemacao.com\/1\/wp-json\/wp\/v2\/tags?post=17774"}],"curies":[{"name":"wp","href":"https:\/\/api.w.org\/{rel}","templated":true}]}}