{"id":17777,"date":"2017-04-14T00:14:52","date_gmt":"2017-04-14T03:14:52","guid":{"rendered":"http:\/\/caririemacao.com\/1\/?p=17777"},"modified":"2017-04-14T00:14:52","modified_gmt":"2017-04-14T03:14:52","slug":"em-nota-sindicato-repudia-cassio-por-querer-vender-a-cagepa-para-a-odebrecht","status":"publish","type":"post","link":"https:\/\/www.caririemacao.com\/1\/2017\/04\/14\/em-nota-sindicato-repudia-cassio-por-querer-vender-a-cagepa-para-a-odebrecht\/","title":{"rendered":"Em nota, Sindicato repudia C\u00e1ssio por querer vender a Cagepa para a Odebrecht"},"content":{"rendered":"<div>O Sindicato dos Trabalhadores nas Ind\u00fastrias Urbanas da Para\u00edba emitiu nota nesta quinta-feira (13) repudiando a atitude do senador C\u00e1ssio Cunha Lima em querer vender a Cagepa para a Odebrecht em negocia\u00e7\u00e3o para a campanha de 2014, onde ele teria recebido R$ 800 mil para concretizar o neg\u00f3cio caso vencesse as elei\u00e7\u00f5es.<\/div>\n<div>\n<p><strong>Confira abaixo a nota na \u00edntegra.<\/strong><\/p>\n<\/div>\n<div>\n<p>O Sindicato dos Trabalhadores nas Ind\u00fastrias Urbanas da Para\u00edba, atrav\u00e9s do seu presidente, Wilton Maia Velez, e por seus diretores, vem publicamente externar rep\u00fadio contra o Senador da Rep\u00fablica na Para\u00edba, C\u00e1ssio Cunha Lima (PSDB), que pretendia, na \u00e9poca em que era candidato ao Governo da Para\u00edba, nas costas da categoria, privatizar a Cagepa, atrav\u00e9s de negocia\u00e7\u00e3o junto \u00e0 Odebrecht Ambiental.<\/p>\n<\/div>\n<div>\n<p>Essa negocia\u00e7\u00e3o esp\u00faria ficou clara quando os brasileiros, de forma estarrecida, tiveram acesso \u00e0s \u00faltimas dela\u00e7\u00f5es da Opera\u00e7\u00e3o Lava Jato, em especial do ex-executivo da Odebrecht, Fernando Reis.<\/p>\n<\/div>\n<div>\n<p>No depoimento, Fernando confirma que a empresa tinha interesse em desenvolver uma parceria p\u00fablico-privada para a \u00e1rea de saneamento e foi procurada por C\u00e1ssio para demonstrar que tinha interesse em desenvolver o projeto e pediu uma contribui\u00e7\u00e3o de R$ 800 mil, atrav\u00e9s de caixa 2, para sua campanha de 2014.<\/p>\n<\/div>\n<div>\n<p>Nos estarrece ainda, o fato do Senador da Para\u00edba, durante os debates, na campanha ao Governo, ter declarado que n\u00e3o tinha inten\u00e7\u00e3o de privatizar a Cagepa.<\/p>\n<\/div>\n<div>\n<p>Fica o nosso rep\u00fadio p\u00fablico diante desse posicionamento de um Senador que deveria, em tese, defender os interesses da Para\u00edba.<\/p>\n<\/div>\n<div>\n<p>Wilton Maia Velez<\/p>\n<\/div>\n<div>Presidente<\/div>\n<div>\n<p><strong>CARIRI EM A\u00c7\u00c3O<\/strong><\/p>\n<p>Com Para\u00edba J\u00e1\/ Foto: Reprodu\u00e7\u00e3o Google<\/p>\n<p><strong>Leia mais not\u00edcias em\u00a0<\/strong><a href=\"http:\/\/www.caririemacao.com\/\"><strong>caririemacao.com<\/strong><\/a><strong>, siga nossa p\u00e1gina no\u00a0<\/strong><a href=\"https:\/\/www.facebook.com\/CaririEmAcao\/?ref=aymt_homepage_panel\"><strong>Facebook<\/strong><\/a><strong>\u00a0e\u00a0<a href=\"https:\/\/www.instagram.com\/cariri_em_acao\/?hl=pt-br\">Instagram<\/a>\u00a0veja nossas mat\u00e9rias e fotos. Voc\u00ea tamb\u00e9m pode enviar informa\u00e7\u00f5es \u00e0 Reda\u00e7\u00e3o do Portal Cariri em A\u00e7\u00e3o pelo WhatsApp (83) 9 9634.5791, (83) 9 9601-1162.<\/strong><\/p>\n<\/div>\n","protected":false},"excerpt":{"rendered":"<p>O Sindicato dos Trabalhadores nas Ind\u00fastrias Urbanas da Para\u00edba emitiu nota nesta quinta-feira (13) repudiando a atitude do senador C\u00e1ssio Cunha Lima em querer vender&hellip; <\/p>\n","protected":false},"author":2,"featured_media":17778,"comment_status":"closed","ping_status":"closed","sticky":false,"template":"","format":"standard","meta":{"sfsi_plus_gutenberg_text_before_share":"","sfsi_plus_gutenberg_show_text_before_share":"","sfsi_plus_gutenberg_icon_type":"","sfsi_plus_gutenberg_icon_alignemt":"","sfsi_plus_gutenburg_max_per_row":"","footnotes":""},"categories":[11],"tags":[],"class_list":["post-17777","post","type-post","status-publish","format-standard","has-post-thumbnail","hentry","category-politica"],"_links":{"self":[{"href":"https:\/\/www.caririemacao.com\/1\/wp-json\/wp\/v2\/posts\/17777","targetHints":{"allow":["GET"]}}],"collection":[{"href":"https:\/\/www.caririemacao.com\/1\/wp-json\/wp\/v2\/posts"}],"about":[{"href":"https:\/\/www.caririemacao.com\/1\/wp-json\/wp\/v2\/types\/post"}],"author":[{"embeddable":true,"href":"https:\/\/www.caririemacao.com\/1\/wp-json\/wp\/v2\/users\/2"}],"replies":[{"embeddable":true,"href":"https:\/\/www.caririemacao.com\/1\/wp-json\/wp\/v2\/comments?post=17777"}],"version-history":[{"count":0,"href":"https:\/\/www.caririemacao.com\/1\/wp-json\/wp\/v2\/posts\/17777\/revisions"}],"wp:featuredmedia":[{"embeddable":true,"href":"https:\/\/www.caririemacao.com\/1\/wp-json\/wp\/v2\/media\/17778"}],"wp:attachment":[{"href":"https:\/\/www.caririemacao.com\/1\/wp-json\/wp\/v2\/media?parent=17777"}],"wp:term":[{"taxonomy":"category","embeddable":true,"href":"https:\/\/www.caririemacao.com\/1\/wp-json\/wp\/v2\/categories?post=17777"},{"taxonomy":"post_tag","embeddable":true,"href":"https:\/\/www.caririemacao.com\/1\/wp-json\/wp\/v2\/tags?post=17777"}],"curies":[{"name":"wp","href":"https:\/\/api.w.org\/{rel}","templated":true}]}}