{"id":177796,"date":"2020-07-08T06:40:22","date_gmt":"2020-07-08T09:40:22","guid":{"rendered":"https:\/\/www.caririemacao.com\/1\/?p=177796"},"modified":"2020-07-08T06:40:22","modified_gmt":"2020-07-08T09:40:22","slug":"vacina-que-protege-adolescentes-contra-quatro-tipos-de-meningite-bacteriana-chega-aos-223-municipios-paraibanos","status":"publish","type":"post","link":"https:\/\/www.caririemacao.com\/1\/2020\/07\/08\/vacina-que-protege-adolescentes-contra-quatro-tipos-de-meningite-bacteriana-chega-aos-223-municipios-paraibanos\/","title":{"rendered":"Vacina que protege adolescentes contra quatro tipos de meningite bacteriana chega aos 223 munic\u00edpios paraibanos"},"content":{"rendered":"\n<h1 class=\"wp-block-heading\"><\/h1>\n\n\n\n<p>A vacina ACWY, que protege adolescentes entre 11 e 12 anos contra quatro tipos de meningite, adotada ap\u00f3s a amplia\u00e7\u00e3o do Calend\u00e1rio B\u00e1sico de Vacina\u00e7\u00e3o, j\u00e1 est\u00e1 dispon\u00edvel em todos os 223 munic\u00edpios paraibanos.&nbsp;O objetivo do Minist\u00e9rio da Sa\u00fade \u00e9 alcan\u00e7ar cobertura vacinal maior ou igual a 80% do p\u00fablico-alvo da vacina\u00e7\u00e3o, que corresponde a 5.621.137 de pessoas.&nbsp;A Secretaria de Estado da Sa\u00fade (SES) alerta aos pais e respons\u00e1veis para que coloquem em dia a vacina\u00e7\u00e3o dos filhos nesta faixa et\u00e1ria. Dispon\u00edvel desde abril, a vacina previne contra essa doen\u00e7a infecciosa grave, que provoca inflama\u00e7\u00e3o das membranas que envolvem o c\u00e9rebro e a medula espinhal, e que pode ser causada por v\u00edrus ou por bact\u00e9ria.&nbsp;<\/p>\n\n\n\n<p>A vacina ACWY protege contra quatro sorotipos de meningite bacteriana, que \u00e9 considerada a varia\u00e7\u00e3o mais grave da doen\u00e7a e pode ser fatal. Atualmente, a rede p\u00fablica tamb\u00e9m oferece a vacina contra o sorotipo C, que \u00e9 indicada para beb\u00eas em tr\u00eas doses: aos 3 e 5 meses e com refor\u00e7o aos 12 meses. De acordo com a t\u00e9cnica do n\u00facleo de imuniza\u00e7\u00e3o, Milena Vitorino, \u00e9 importante que os pais e respons\u00e1veis pelas crian\u00e7as e jovens mantenham as cadernetas de vacina\u00e7\u00e3o em dia.&nbsp;<\/p>\n\n\n\n<p>\u201cCom a pandemia muitos pais est\u00e3o deixando de levar as crian\u00e7as aos postos por medo do coronav\u00edrus, mas \u00e9 importante lembrar que h\u00e1 outras doen\u00e7as preven\u00edveis que ainda est\u00e3o circulando. \u00c9 muito importante que os adolescentes de 11 e 12 anos tomem a dose da ACWY, que \u00e9 ofertada gratuitamente e protege contra quatro tipos da meningite, bem como as crian\u00e7as sigam o calend\u00e1rio de vacina\u00e7\u00e3o\u201d, frisa a t\u00e9cnica.&nbsp;<\/p>\n\n\n\n<p>A vacina ACWY pode ser administrada na mesma ocasi\u00e3o de outras vacinas do calend\u00e1rio nacional de vacina\u00e7\u00e3o do adolescente. A SES refor\u00e7a que \u00e9 importante manter a caderneta de vacina\u00e7\u00e3o em dia para a preven\u00e7\u00e3o de doen\u00e7as contagiosas.<\/p>\n","protected":false},"excerpt":{"rendered":"<p>A vacina ACWY, que protege adolescentes entre 11 e 12 anos contra quatro tipos de meningite, adotada ap\u00f3s a amplia\u00e7\u00e3o do Calend\u00e1rio B\u00e1sico de Vacina\u00e7\u00e3o,&hellip; <\/p>\n","protected":false},"author":2,"featured_media":177797,"comment_status":"closed","ping_status":"closed","sticky":false,"template":"","format":"standard","meta":{"sfsi_plus_gutenberg_text_before_share":"","sfsi_plus_gutenberg_show_text_before_share":"","sfsi_plus_gutenberg_icon_type":"","sfsi_plus_gutenberg_icon_alignemt":"","sfsi_plus_gutenburg_max_per_row":"","footnotes":""},"categories":[50,16],"tags":[],"class_list":["post-177796","post","type-post","status-publish","format-standard","has-post-thumbnail","hentry","category-destaque","category-saude"],"_links":{"self":[{"href":"https:\/\/www.caririemacao.com\/1\/wp-json\/wp\/v2\/posts\/177796","targetHints":{"allow":["GET"]}}],"collection":[{"href":"https:\/\/www.caririemacao.com\/1\/wp-json\/wp\/v2\/posts"}],"about":[{"href":"https:\/\/www.caririemacao.com\/1\/wp-json\/wp\/v2\/types\/post"}],"author":[{"embeddable":true,"href":"https:\/\/www.caririemacao.com\/1\/wp-json\/wp\/v2\/users\/2"}],"replies":[{"embeddable":true,"href":"https:\/\/www.caririemacao.com\/1\/wp-json\/wp\/v2\/comments?post=177796"}],"version-history":[{"count":1,"href":"https:\/\/www.caririemacao.com\/1\/wp-json\/wp\/v2\/posts\/177796\/revisions"}],"predecessor-version":[{"id":177798,"href":"https:\/\/www.caririemacao.com\/1\/wp-json\/wp\/v2\/posts\/177796\/revisions\/177798"}],"wp:featuredmedia":[{"embeddable":true,"href":"https:\/\/www.caririemacao.com\/1\/wp-json\/wp\/v2\/media\/177797"}],"wp:attachment":[{"href":"https:\/\/www.caririemacao.com\/1\/wp-json\/wp\/v2\/media?parent=177796"}],"wp:term":[{"taxonomy":"category","embeddable":true,"href":"https:\/\/www.caririemacao.com\/1\/wp-json\/wp\/v2\/categories?post=177796"},{"taxonomy":"post_tag","embeddable":true,"href":"https:\/\/www.caririemacao.com\/1\/wp-json\/wp\/v2\/tags?post=177796"}],"curies":[{"name":"wp","href":"https:\/\/api.w.org\/{rel}","templated":true}]}}