{"id":17780,"date":"2017-04-14T00:23:07","date_gmt":"2017-04-14T03:23:07","guid":{"rendered":"http:\/\/caririemacao.com\/1\/?p=17780"},"modified":"2017-04-14T00:23:07","modified_gmt":"2017-04-14T03:23:07","slug":"aguas-do-sao-francisco-devem-encontrar-com-volume-morto-do-acude-de-boqueirao-no-domingo-de-pascoa","status":"publish","type":"post","link":"https:\/\/www.caririemacao.com\/1\/2017\/04\/14\/aguas-do-sao-francisco-devem-encontrar-com-volume-morto-do-acude-de-boqueirao-no-domingo-de-pascoa\/","title":{"rendered":"\u00c1guas do S\u00e3o Francisco devem encontrar com volume morto do a\u00e7ude de Boqueir\u00e3o no domingo de P\u00e1scoa"},"content":{"rendered":"<p>A expectativa era que as \u00e1guas do Rio S\u00e3o Francisco desde dessa quarta-feira (12) estivesse abastecendo o a\u00e7ude de Epit\u00e1cio Pessoa (a\u00e7ude de Boqueir\u00e3o), mas nem mesmo as chuvas que ca\u00edram esta semana na regi\u00e3o fizeram com que as \u00e1guas do \u2018Velho Chico\u2019 encontrasse com o volume morto do a\u00e7ude de Boqueir\u00e3o. A nova previs\u00e3o \u00e9 que o manancial passe a ser abastecido pelas \u00e1gua que vem da transposi\u00e7\u00e3o neste domingo (16) de P\u00e1scoa.<\/p>\n<p>A data foi informada pelo ministro da Integra\u00e7\u00e3o Nacional, Helder Barbalho. Ele e a comitiva de senadores e deputados paraibanos fizeram uma nova visita t\u00e9cnica na regi\u00e3o por onde passam as \u00e1guas do Projeto de Integra\u00e7\u00e3o do Rio S\u00e3o Francisco na regi\u00e3o de Campina Grande. O A\u00e7ude abastece Campina Grande e mais 18 cidades da regi\u00e3o, com 716 mil habitantes.<\/p>\n<p>A comitiva passou pelo distrito de Riacho Fundo, em Barra de S\u00e3o Miguel, onde as \u00e1guas cheguem em dire\u00e7\u00e3o ao a\u00e7ude de Boqueir\u00e3o. \u201cDesde 2011 n\u00e3o passava \u00e1gua aqui e poder ver a \u00e1gua chegando hoje, chegando forte, \u00e9 a certeza de que todos que j\u00e1 sofreram podem ter um futuro novo de prosperidade, de produ\u00e7\u00e3o e qualidade de vida\u201d, destacou Helder Barbalho\u201d, disse Helder Barbalho.<\/p>\n<p>De acordo com o senador Raimundo Lira (PMDB), \u201c\u00e1gua que passa pelo local \u00e9 em boa quantidade\u201d.Segundo ele, o ministro informou que a vaz\u00e3o da \u00e1gua na localidade \u00e9 6 m\u00b3. \u201cNo domingo as \u00e1guas do Rio S\u00e3o Francisco deve se encontrar com o volume morte de Boqueir\u00e3o. J\u00e1 podemos dizer que o problema com \u00e1gua em Campina Grande e regi\u00e3o est\u00e1 resolvido\u201d, disse.<\/p>\n<p>Ainda segundo Lira, o \u00faltimo ponto que a \u00e1gua da transposi\u00e7\u00e3o atingiu foi a bacia hidr\u00e1ulica do a\u00e7ude, como havia informado o presidente da Aesa (Ag\u00eancia Executiva de Gest\u00e3o das \u00c1guas do Estado da Para\u00edba), Jo\u00e3o Fernandes, nesta quinta-feira. A dist\u00e2ncia para a \u00e1gua atingirem o s\u00edtio Mirador, onde fica o a\u00e7ude de Boqueir\u00e3o \u00e9 de 17 quil\u00f4metro, segundo Jo\u00e3o Fernandes.<\/p>\n<p>A comitiva tamb\u00e9m passou pelo s\u00edtio Mirador. O senador C\u00e1ssio Cunha Lima (PSDB), tamb\u00e9m integrou a comitiva do ministro, publicou um v\u00eddeo da real situa\u00e7\u00e3o atualmente do a\u00e7ude de Boqueir\u00e3o.<\/p>\n<p><strong>CARIRI EM A\u00c7\u00c3O<\/strong><\/p>\n<p>Com Blog do Gordinho\/Foto: Reprodu\u00e7\u00e3o Google<\/p>\n<p><strong>Leia mais not\u00edcias em\u00a0<\/strong><a href=\"http:\/\/www.caririemacao.com\/\"><strong>caririemacao.com<\/strong><\/a><strong>, siga nossa p\u00e1gina no\u00a0<\/strong><a href=\"https:\/\/www.facebook.com\/CaririEmAcao\/?ref=aymt_homepage_panel\"><strong>Facebook<\/strong><\/a><strong>\u00a0e\u00a0<a href=\"https:\/\/www.instagram.com\/cariri_em_acao\/?hl=pt-br\">Instagram<\/a>\u00a0veja nossas mat\u00e9rias e fotos. Voc\u00ea tamb\u00e9m pode enviar informa\u00e7\u00f5es \u00e0 Reda\u00e7\u00e3o do Portal Cariri em A\u00e7\u00e3o pelo WhatsApp (83) 9 9634.5791, (83) 9 9601-1162.<\/strong><\/p>\n<h3 class=\"subtit\"><\/h3>\n","protected":false},"excerpt":{"rendered":"<p>A expectativa era que as \u00e1guas do Rio S\u00e3o Francisco desde dessa quarta-feira (12) estivesse abastecendo o a\u00e7ude de Epit\u00e1cio Pessoa (a\u00e7ude de Boqueir\u00e3o), mas&hellip; <\/p>\n","protected":false},"author":2,"featured_media":17525,"comment_status":"closed","ping_status":"closed","sticky":false,"template":"","format":"standard","meta":{"sfsi_plus_gutenberg_text_before_share":"","sfsi_plus_gutenberg_show_text_before_share":"","sfsi_plus_gutenberg_icon_type":"","sfsi_plus_gutenberg_icon_alignemt":"","sfsi_plus_gutenburg_max_per_row":"","footnotes":""},"categories":[2],"tags":[],"class_list":["post-17780","post","type-post","status-publish","format-standard","has-post-thumbnail","hentry","category-geral"],"_links":{"self":[{"href":"https:\/\/www.caririemacao.com\/1\/wp-json\/wp\/v2\/posts\/17780","targetHints":{"allow":["GET"]}}],"collection":[{"href":"https:\/\/www.caririemacao.com\/1\/wp-json\/wp\/v2\/posts"}],"about":[{"href":"https:\/\/www.caririemacao.com\/1\/wp-json\/wp\/v2\/types\/post"}],"author":[{"embeddable":true,"href":"https:\/\/www.caririemacao.com\/1\/wp-json\/wp\/v2\/users\/2"}],"replies":[{"embeddable":true,"href":"https:\/\/www.caririemacao.com\/1\/wp-json\/wp\/v2\/comments?post=17780"}],"version-history":[{"count":0,"href":"https:\/\/www.caririemacao.com\/1\/wp-json\/wp\/v2\/posts\/17780\/revisions"}],"wp:featuredmedia":[{"embeddable":true,"href":"https:\/\/www.caririemacao.com\/1\/wp-json\/wp\/v2\/media\/17525"}],"wp:attachment":[{"href":"https:\/\/www.caririemacao.com\/1\/wp-json\/wp\/v2\/media?parent=17780"}],"wp:term":[{"taxonomy":"category","embeddable":true,"href":"https:\/\/www.caririemacao.com\/1\/wp-json\/wp\/v2\/categories?post=17780"},{"taxonomy":"post_tag","embeddable":true,"href":"https:\/\/www.caririemacao.com\/1\/wp-json\/wp\/v2\/tags?post=17780"}],"curies":[{"name":"wp","href":"https:\/\/api.w.org\/{rel}","templated":true}]}}