{"id":177800,"date":"2020-07-08T06:43:20","date_gmt":"2020-07-08T09:43:20","guid":{"rendered":"https:\/\/www.caririemacao.com\/1\/?p=177800"},"modified":"2020-07-08T06:43:20","modified_gmt":"2020-07-08T09:43:20","slug":"quem-muito-se-expoe-tem-muita-chance-de-contrair-diz-mandetta-sobre-teste-positivo-de-bolsonaro","status":"publish","type":"post","link":"https:\/\/www.caririemacao.com\/1\/2020\/07\/08\/quem-muito-se-expoe-tem-muita-chance-de-contrair-diz-mandetta-sobre-teste-positivo-de-bolsonaro\/","title":{"rendered":"\u201cQuem muito se exp\u00f5e, tem muita chance de contrair\u201d, diz Mandetta sobre teste positivo de Bolsonaro"},"content":{"rendered":"\n<h2 class=\"wp-block-heading\"><\/h2>\n\n\n\n<p>O ex-ministro da sa\u00fade Luiz Henrique Mandetta comentou o teste positivo de Jair Bolsonaro para a Covid-19 divulgado nesta ter\u00e7a-feira (7), em entrevista \u00e0 Globo News. Segundo ele, \u2018quem muito se exp\u00f5e, tem muita chance de contrair\u201d. \u201cEu acho que no Distrito Federal, a\u00ed em Bras\u00edlia, quem estava se expondo muito, quem muito se exp\u00f5e, tem alta chance de contrair, porque est\u00e1 com alta circula\u00e7\u00e3o. S\u00e3o as noticias que a gente v\u00ea, os n\u00fameros que a gente v\u00ea\u201d, disse Mandetta.<br><br>\u201c\u00c9 mais uma confirma\u00e7\u00e3o de que a doen\u00e7a est\u00e1 com circula\u00e7\u00e3o extremamente ativa\u201d, disse. \u201cAgora, a gente torce pela recupera\u00e7\u00e3o\u201d.O presidente informou nesta ter\u00e7a-feira que seu exame para detectar se est\u00e1 com Covid-19 deu positivo.<br><br><br><br><br>O presidente afirmou que chegou a ter febre de 38 graus, mas que, \u00e0 noite, a temperatura come\u00e7ou a ceder. Relatou tamb\u00e9m que sentiu mal-estar e cansa\u00e7o. Ele disse que agora est\u00e1 se sentindo \u201cperfeitamente bem\u201d.De acordo com Bolsonaro, ele tomou hidroxicloroquina, rem\u00e9dio que vem defendendo como tratamento para a Covid-19. N\u00e3o h\u00e1 comprova\u00e7\u00e3o cient\u00edfica da efic\u00e1cia da hidroxicloroquina para a doen\u00e7a.<\/p>\n","protected":false},"excerpt":{"rendered":"<p>O ex-ministro da sa\u00fade Luiz Henrique Mandetta comentou o teste positivo de Jair Bolsonaro para a Covid-19 divulgado nesta ter\u00e7a-feira (7), em entrevista \u00e0 Globo&hellip; <\/p>\n","protected":false},"author":2,"featured_media":177801,"comment_status":"closed","ping_status":"closed","sticky":false,"template":"","format":"standard","meta":{"sfsi_plus_gutenberg_text_before_share":"","sfsi_plus_gutenberg_show_text_before_share":"","sfsi_plus_gutenberg_icon_type":"","sfsi_plus_gutenberg_icon_alignemt":"","sfsi_plus_gutenburg_max_per_row":"","footnotes":""},"categories":[50,2],"tags":[],"class_list":["post-177800","post","type-post","status-publish","format-standard","has-post-thumbnail","hentry","category-destaque","category-geral"],"_links":{"self":[{"href":"https:\/\/www.caririemacao.com\/1\/wp-json\/wp\/v2\/posts\/177800","targetHints":{"allow":["GET"]}}],"collection":[{"href":"https:\/\/www.caririemacao.com\/1\/wp-json\/wp\/v2\/posts"}],"about":[{"href":"https:\/\/www.caririemacao.com\/1\/wp-json\/wp\/v2\/types\/post"}],"author":[{"embeddable":true,"href":"https:\/\/www.caririemacao.com\/1\/wp-json\/wp\/v2\/users\/2"}],"replies":[{"embeddable":true,"href":"https:\/\/www.caririemacao.com\/1\/wp-json\/wp\/v2\/comments?post=177800"}],"version-history":[{"count":1,"href":"https:\/\/www.caririemacao.com\/1\/wp-json\/wp\/v2\/posts\/177800\/revisions"}],"predecessor-version":[{"id":177802,"href":"https:\/\/www.caririemacao.com\/1\/wp-json\/wp\/v2\/posts\/177800\/revisions\/177802"}],"wp:featuredmedia":[{"embeddable":true,"href":"https:\/\/www.caririemacao.com\/1\/wp-json\/wp\/v2\/media\/177801"}],"wp:attachment":[{"href":"https:\/\/www.caririemacao.com\/1\/wp-json\/wp\/v2\/media?parent=177800"}],"wp:term":[{"taxonomy":"category","embeddable":true,"href":"https:\/\/www.caririemacao.com\/1\/wp-json\/wp\/v2\/categories?post=177800"},{"taxonomy":"post_tag","embeddable":true,"href":"https:\/\/www.caririemacao.com\/1\/wp-json\/wp\/v2\/tags?post=177800"}],"curies":[{"name":"wp","href":"https:\/\/api.w.org\/{rel}","templated":true}]}}