{"id":177804,"date":"2020-07-08T06:48:24","date_gmt":"2020-07-08T09:48:24","guid":{"rendered":"https:\/\/www.caririemacao.com\/1\/?p=177804"},"modified":"2020-07-08T06:48:24","modified_gmt":"2020-07-08T09:48:24","slug":"uepb-aprova-bolsas-para-assegurar-acesso-a-internet-a-estudantes-e-aquisicao-de-equipamentos","status":"publish","type":"post","link":"https:\/\/www.caririemacao.com\/1\/2020\/07\/08\/uepb-aprova-bolsas-para-assegurar-acesso-a-internet-a-estudantes-e-aquisicao-de-equipamentos\/","title":{"rendered":"UEPB aprova bolsas para assegurar acesso \u00e0 internet a estudantes e aquisi\u00e7\u00e3o de equipamentos"},"content":{"rendered":"\n<h1 class=\"wp-block-heading\"><\/h1>\n\n\n\n<p>O Conselho Universit\u00e1rio (Consuni) da Universidade Estadual da Para\u00edba (UEPB) aprovou, por unanimidade, nesta ter\u00e7a-feira (7), por meio de reuni\u00e3o virtual, a cria\u00e7\u00e3o do Programa Aux\u00edlio Conectividade, que visa assegurar a inclus\u00e3o digital de estudantes em situa\u00e7\u00e3o de vulnerabilidade socioecon\u00f4mica para garantir o adequado acompanhamento e participa\u00e7\u00e3o nas atividades n\u00e3o presenciais ofertadas pela Institui\u00e7\u00e3o, em meio \u00e0 pandemia do novo Coronav\u00edrus (Covid-19).<\/p>\n\n\n\n<p>Com a aprova\u00e7\u00e3o da&nbsp;<strong><a rel=\"noreferrer noopener\" href=\"http:\/\/transparencia.uepb.edu.br\/download\/resolucao-consuni-0327-2020-institui-o-programa-auxilio-conectividade\/\" target=\"_blank\">Resolu\u00e7\u00e3o UEPB\/Consuni\/0327\/2020<\/a><\/strong>, a UEPB vai conceder o Aux\u00edlio Conectividade na modalidade \u201cAcesso \u00e0 internet em car\u00e1ter emergencial\u201d, que conceder\u00e1 bolsa mensal no valor de R$ 100,00 para aquisi\u00e7\u00e3o de servi\u00e7o de internet enquanto durar as atividades regulamentadas pela Resolu\u00e7\u00e3o UEPB\/Consepe\/0229\/2020, e na modalidade \u201cAquisi\u00e7\u00e3o de equipamentos\u201d, que concede bolsa em cota \u00fanica, no valor de R$ 1 mil, para aquisi\u00e7\u00e3o de equipamento adequado ao acompanhamento das aulas remotas, ou seja, computador ou notebook.<\/p>\n\n\n\n<p>O aux\u00edlio \u00e9 voltado para estudantes regularmente matriculados em componentes curriculares e\/ou atividades acad\u00eamicas que est\u00e3o sendo ofertadas de forma n\u00e3o presencial, nos cursos presenciais de gradua\u00e7\u00e3o, p\u00f3s-gradua\u00e7\u00e3o e ensino m\u00e9dio\/t\u00e9cnico da Institui\u00e7\u00e3o, devido \u00e0 pandemia. Na primeira modalidade, o aux\u00edlio deve contemplar at\u00e9 4 mil estudantes. Na segunda modalidade, at\u00e9 mil alunos.<\/p>\n\n\n\n<p>Conforme o reitor Rangel Junior, esta a\u00e7\u00e3o \u00e9 imprescind\u00edvel para estudantes em situa\u00e7\u00e3o de vulnerabilidade socioecon\u00f4mica. \u201cA Universidade Estadual da Para\u00edba avan\u00e7a em seu papel de institui\u00e7\u00e3o p\u00fablica comprometida com o seu entorno e com a inclus\u00e3o social em todos os n\u00edveis\u201d, frisou.<\/p>\n\n\n\n<p>Rangel destacou, ainda, que a implanta\u00e7\u00e3o do Aux\u00edlio Conectividade \u201c\u00e9 um passo fundamental para garantir a inclus\u00e3o de todos os estudantes que necessitam de apoio e para a UEPB seguir com a oferta de aulas remotas. Vamos continuar trabalhando para avan\u00e7ar cada vez mais na inclus\u00e3o digital e na qualidade do trabalho\u201d.<\/p>\n\n\n\n<p>Os recursos para implanta\u00e7\u00e3o do aux\u00edlio s\u00e3o oriundos de economia feita devido \u00e0 suspens\u00e3o das atividades presenciais, por causa da Covid-19, e n\u00e3o de suplementa\u00e7\u00e3o or\u00e7ament\u00e1ria. A UEPB tem, a princ\u00edpio, a garantia de que poder\u00e1 comprometer at\u00e9 R$ 3,5 milh\u00f5es do seu or\u00e7amento especialmente com o Aux\u00edlio Conectividade. Desse total, R$ 2,5 milh\u00f5es s\u00e3o recursos da Fonte 112 (Tesouro Estadual), economizados de despesas como di\u00e1rias, \u00e1gua, luz, combust\u00edvel e viagens; e R$ 1 milh\u00e3o \u00e9 da Fonte 270, que estava destinado a aplica\u00e7\u00e3o em investimentos da Institui\u00e7\u00e3o, como constru\u00e7\u00f5es, aquisi\u00e7\u00e3o de aparelhos de climatiza\u00e7\u00e3o para setores da Universidade, entre outros.<\/p>\n\n\n\n<p>\u201cTeremos muitos desafios pela frente, mas enfrentaremos e n\u00e3o desistiremos. Precisamos seguir tomando decis\u00f5es sustent\u00e1veis at\u00e9 o final do ano, porque n\u00e3o h\u00e1 estabilidade financeira no Pa\u00eds para tomar decis\u00f5es de longo prazo com or\u00e7amento que n\u00f3s n\u00e3o temos. Temos a garantia pol\u00edtica do Governo do Estado, mas n\u00e3o temos garantias de que a economia do Pa\u00eds vai responder com condi\u00e7\u00f5es de que o Governo possa fazer o repasse dos recursos permanentemente, em sua totalidade, at\u00e9 o final do ano. S\u00e3o desafios que ser\u00e3o enfrentados com o compromisso de fazer, sempre, tudo o que \u00e9 poss\u00edvel ser feito\u201d, afirmou Rangel.<\/p>\n\n\n\n<p>Mais de um estudante da mesma fam\u00edlia poder\u00e1 ser contemplado pelo aux\u00edlio, que poder\u00e1 ser cumulativo com outras modalidades de aux\u00edlio, bolsas ou programas de ensino, pesquisa e extens\u00e3o. Para receber o Aux\u00edlio Conectividade, \u00e9 necess\u00e1rio que o aluno declare n\u00e3o possuir acesso \u00e0 internet e\/ou equipamento de qualidade para o desenvolvimento das atividades n\u00e3o presenciais, al\u00e9m de possuir renda&nbsp;<em>per capita<\/em>&nbsp;menor ou igual a R$ 785,77 (m\u00e9dia da renda per capita da Regi\u00e3o Nordeste, segundo o Instituto Brasileiro de Geografia e Estat\u00edstica \u2013 IBGE).<\/p>\n\n\n\n<p>A comprova\u00e7\u00e3o da renda<em>&nbsp;per capita&nbsp;<\/em>ser\u00e1 dispensada para estudantes j\u00e1 assistidos por outros programas de Assist\u00eancia Estudantil da UEPB, que ingressaram por meio de sele\u00e7\u00f5es com comprova\u00e7\u00e3o de renda, bem como para aqueles estudantes que sejam inscritos no Cadastro \u00danico do Governo Federal ou que tenham respons\u00e1vel familiar inscrito no referido cadastro. A Pr\u00f3-Reitoria Estudantil (PROEST) publicar\u00e1 edital nesta quarta-feira (8), estabelecendo os procedimentos, prazos e demais orienta\u00e7\u00f5es necess\u00e1rias para os estudantes solicitarem o Aux\u00edlio.<\/p>\n","protected":false},"excerpt":{"rendered":"<p>O Conselho Universit\u00e1rio (Consuni) da Universidade Estadual da Para\u00edba (UEPB) aprovou, por unanimidade, nesta ter\u00e7a-feira (7), por meio de reuni\u00e3o virtual, a cria\u00e7\u00e3o do Programa&hellip; <\/p>\n","protected":false},"author":2,"featured_media":177805,"comment_status":"closed","ping_status":"closed","sticky":false,"template":"","format":"standard","meta":{"sfsi_plus_gutenberg_text_before_share":"","sfsi_plus_gutenberg_show_text_before_share":"","sfsi_plus_gutenberg_icon_type":"","sfsi_plus_gutenberg_icon_alignemt":"","sfsi_plus_gutenburg_max_per_row":"","footnotes":""},"categories":[50,2],"tags":[],"class_list":["post-177804","post","type-post","status-publish","format-standard","has-post-thumbnail","hentry","category-destaque","category-geral"],"_links":{"self":[{"href":"https:\/\/www.caririemacao.com\/1\/wp-json\/wp\/v2\/posts\/177804","targetHints":{"allow":["GET"]}}],"collection":[{"href":"https:\/\/www.caririemacao.com\/1\/wp-json\/wp\/v2\/posts"}],"about":[{"href":"https:\/\/www.caririemacao.com\/1\/wp-json\/wp\/v2\/types\/post"}],"author":[{"embeddable":true,"href":"https:\/\/www.caririemacao.com\/1\/wp-json\/wp\/v2\/users\/2"}],"replies":[{"embeddable":true,"href":"https:\/\/www.caririemacao.com\/1\/wp-json\/wp\/v2\/comments?post=177804"}],"version-history":[{"count":1,"href":"https:\/\/www.caririemacao.com\/1\/wp-json\/wp\/v2\/posts\/177804\/revisions"}],"predecessor-version":[{"id":177806,"href":"https:\/\/www.caririemacao.com\/1\/wp-json\/wp\/v2\/posts\/177804\/revisions\/177806"}],"wp:featuredmedia":[{"embeddable":true,"href":"https:\/\/www.caririemacao.com\/1\/wp-json\/wp\/v2\/media\/177805"}],"wp:attachment":[{"href":"https:\/\/www.caririemacao.com\/1\/wp-json\/wp\/v2\/media?parent=177804"}],"wp:term":[{"taxonomy":"category","embeddable":true,"href":"https:\/\/www.caririemacao.com\/1\/wp-json\/wp\/v2\/categories?post=177804"},{"taxonomy":"post_tag","embeddable":true,"href":"https:\/\/www.caririemacao.com\/1\/wp-json\/wp\/v2\/tags?post=177804"}],"curies":[{"name":"wp","href":"https:\/\/api.w.org\/{rel}","templated":true}]}}