{"id":17782,"date":"2017-04-14T00:33:53","date_gmt":"2017-04-14T03:33:53","guid":{"rendered":"http:\/\/caririemacao.com\/1\/?p=17782"},"modified":"2017-04-14T00:33:53","modified_gmt":"2017-04-14T03:33:53","slug":"diego-passa-por-cirurgia-e-desfalca-flamengo-por-ate-seis-semanas","status":"publish","type":"post","link":"https:\/\/www.caririemacao.com\/1\/2017\/04\/14\/diego-passa-por-cirurgia-e-desfalca-flamengo-por-ate-seis-semanas\/","title":{"rendered":"Diego passa por cirurgia e desfalca Flamengo por at\u00e9 seis semanas"},"content":{"rendered":"<p>Principal jogador do meio-campo do Flamengo na atual temporada, convocado por Tite para as Eliminat\u00f3rias e \u00eddolo da torcida, Diego ficar\u00e1 de quatro a seis semanas afastado dos gramados. O jogador sofreu uma les\u00e3o no ligamento cruzado medial e no menisco medial do joelho direito por conta de uma entorse e, depois de passar por um exame de imagem, ser\u00e1 submetido a uma cirurgia.<\/p>\n<p>O departamento m\u00e9dico do time da G\u00e1vea informou que o procedimento ser\u00e1 realizado neste s\u00e1bado (15), no Hospital Vit\u00f3ria, e que o tempo de recupera\u00e7\u00e3o previsto pode chegar a um m\u00eas e meio, o que o tiraria do restante da fase de grupos da Libertadores da Am\u00e9rica.<\/p>\n<p>Conca, argentino contratado no in\u00edcio do ano, mas que ainda n\u00e3o estreou com a camisa do Flamengo, est\u00e1 em fase final de condicionamento f\u00edsico e pode finalmente entrar em campo pelo novo clube.<\/p>\n<p>A les\u00e3o de Diego fez os torcedores e o clube se mobilizarem nas redes sociais e levarem a hashtag #TamoJuntoDiego aos trending topics do dia no Twitter.<\/p>\n<p><strong>CARIRI EM A\u00c7\u00c3O<\/strong><\/p>\n<p>Com Portal Correio\/Foto: Reprodu\u00e7\u00e3o<\/p>\n<p><strong>Leia mais not\u00edcias em\u00a0<\/strong><a href=\"http:\/\/www.caririemacao.com\/\"><strong>caririemacao.com<\/strong><\/a><strong>, siga nossa p\u00e1gina no\u00a0<\/strong><a href=\"https:\/\/www.facebook.com\/CaririEmAcao\/?ref=aymt_homepage_panel\"><strong>Facebook<\/strong><\/a><strong>\u00a0e\u00a0<a href=\"https:\/\/www.instagram.com\/cariri_em_acao\/?hl=pt-br\">Instagram<\/a>\u00a0veja nossas mat\u00e9rias e fotos. Voc\u00ea tamb\u00e9m pode enviar informa\u00e7\u00f5es \u00e0 Reda\u00e7\u00e3o do Portal Cariri em A\u00e7\u00e3o pelo WhatsApp (83) 9 9634.5791, (83) 9 9601-1162.<\/strong><\/p>\n","protected":false},"excerpt":{"rendered":"<p>Principal jogador do meio-campo do Flamengo na atual temporada, convocado por Tite para as Eliminat\u00f3rias e \u00eddolo da torcida, Diego ficar\u00e1 de quatro a seis&hellip; <\/p>\n","protected":false},"author":2,"featured_media":17783,"comment_status":"closed","ping_status":"closed","sticky":false,"template":"","format":"standard","meta":{"sfsi_plus_gutenberg_text_before_share":"","sfsi_plus_gutenberg_show_text_before_share":"","sfsi_plus_gutenberg_icon_type":"","sfsi_plus_gutenberg_icon_alignemt":"","sfsi_plus_gutenburg_max_per_row":"","footnotes":""},"categories":[13],"tags":[],"class_list":["post-17782","post","type-post","status-publish","format-standard","has-post-thumbnail","hentry","category-esportes"],"_links":{"self":[{"href":"https:\/\/www.caririemacao.com\/1\/wp-json\/wp\/v2\/posts\/17782","targetHints":{"allow":["GET"]}}],"collection":[{"href":"https:\/\/www.caririemacao.com\/1\/wp-json\/wp\/v2\/posts"}],"about":[{"href":"https:\/\/www.caririemacao.com\/1\/wp-json\/wp\/v2\/types\/post"}],"author":[{"embeddable":true,"href":"https:\/\/www.caririemacao.com\/1\/wp-json\/wp\/v2\/users\/2"}],"replies":[{"embeddable":true,"href":"https:\/\/www.caririemacao.com\/1\/wp-json\/wp\/v2\/comments?post=17782"}],"version-history":[{"count":0,"href":"https:\/\/www.caririemacao.com\/1\/wp-json\/wp\/v2\/posts\/17782\/revisions"}],"wp:featuredmedia":[{"embeddable":true,"href":"https:\/\/www.caririemacao.com\/1\/wp-json\/wp\/v2\/media\/17783"}],"wp:attachment":[{"href":"https:\/\/www.caririemacao.com\/1\/wp-json\/wp\/v2\/media?parent=17782"}],"wp:term":[{"taxonomy":"category","embeddable":true,"href":"https:\/\/www.caririemacao.com\/1\/wp-json\/wp\/v2\/categories?post=17782"},{"taxonomy":"post_tag","embeddable":true,"href":"https:\/\/www.caririemacao.com\/1\/wp-json\/wp\/v2\/tags?post=17782"}],"curies":[{"name":"wp","href":"https:\/\/api.w.org\/{rel}","templated":true}]}}