{"id":17785,"date":"2017-04-14T00:42:37","date_gmt":"2017-04-14T03:42:37","guid":{"rendered":"http:\/\/caririemacao.com\/1\/?p=17785"},"modified":"2017-04-14T00:42:37","modified_gmt":"2017-04-14T03:42:37","slug":"prf-inicia-operacao-semana-santa-em-rodovias-federais-que-cortam-a-paraiba","status":"publish","type":"post","link":"https:\/\/www.caririemacao.com\/1\/2017\/04\/14\/prf-inicia-operacao-semana-santa-em-rodovias-federais-que-cortam-a-paraiba\/","title":{"rendered":"PRF inicia Opera\u00e7\u00e3o Semana Santa em rodovias federais que cortam a Para\u00edba"},"content":{"rendered":"<div class=\"mc-column content-media content-media--normal\" data-block-type=\"backstage-photo\">\n<div class=\"content-media__container\">\n<div class=\"content-media__description-centered \">\n<p>A Pol\u00edcia Rodovi\u00e1ria Federal (PRF) inicia nesta quinta-feira (13) a Opera\u00e7\u00e3o Semana Santa nas rodovias federais que cortam toda a Para\u00edba. A regi\u00e3o de Campina Grande ser\u00e1 o trecho mais policiado pela PRF. Haver\u00e1 refor\u00e7o nos trechos mais vulner\u00e1veis a acidentes e com maior registro de criminalidade. A opera\u00e7\u00e3o seguir\u00e1 at\u00e9 a meia-noite do domingo (16).<\/p>\n<p>As a\u00e7\u00f5es foram programadas para diminuir a incid\u00eancia de acidentes relacionados ao excesso de velocidade, \u00e0 alcoolemia ao volante, \u00e0s ultrapassagens indevidas e ao transporte de motos, motonetas e ciclomotores; conhecidos como duas rodas. Tamb\u00e9m ser\u00e3o realizadas a\u00e7\u00f5es operacionais direcionadas para o combate \u00e0 criminalidade.<\/p>\n<p>A PRF j\u00e1 deu in\u00edcio a um trabalho de refor\u00e7o desde o \u00faltimo fim de semana na regi\u00e3o de Campina Grande, devido \u00e0s movimenta\u00e7\u00f5es em dire\u00e7\u00e3o ao espet\u00e1culo da \u201cPaix\u00e3o de Cristo\u201d de Fazenda Nova, em Pernambuco.<\/p>\n<p>Datas de restri\u00e7\u00e3o de tr\u00e1fego<\/p>\n<p>A PRF faz um alerta aos motoristas profissionais: o tr\u00e1fego de combina\u00e7\u00f5es de ve\u00edculos de carga (CVC), de combina\u00e7\u00f5es de transporte de ve\u00edculos (CTV) e de outros ve\u00edculos portadores de autoriza\u00e7\u00e3o especial de tr\u00e2nsito ser\u00e1 restrito nos trechos de pista simples, em determinados dias e hor\u00e1rios. A restri\u00e7\u00e3o visa aumentar a fluidez do tr\u00e2nsito. Nos dias e hor\u00e1rios de maior movimento, esses ve\u00edculos n\u00e3o poder\u00e3o transitar. O descumprimento constitui infra\u00e7\u00e3o de tr\u00e2nsito prevista no artigo 187 do C\u00f3digo de Tr\u00e2nsito Brasileiro (CTB), pun\u00edvel com multa de R$ 130.16.<\/p>\n<p>Quinta-feira \u2013 16h \u00e0s 22h<\/p>\n<p>Sexta-feira \u2013 06h \u00e0s 12h<\/p>\n<p>Domingo \u2013 16h \u00e0s 22h<\/p>\n<p><strong>CARIRI EM A\u00c7\u00c3O<\/strong><\/p>\n<p>Com G1-PB\/Foto: Reprodu\u00e7\u00e3o<\/p>\n<p><strong>Leia mais not\u00edcias em\u00a0<a href=\"http:\/\/www.caririemacao.com\/\">caririemacao.com<\/a>, siga nossa p\u00e1gina no\u00a0<a href=\"https:\/\/www.facebook.com\/CaririEmAcao\/?ref=aymt_homepage_panel\">Facebook<\/a>\u00a0e\u00a0<a href=\"https:\/\/www.instagram.com\/cariri_em_acao\/?hl=pt-br\">Instagram<\/a>\u00a0veja nossas mat\u00e9rias e fotos. Voc\u00ea tamb\u00e9m pode enviar informa\u00e7\u00f5es \u00e0 Reda\u00e7\u00e3o do Portal Cariri em A\u00e7\u00e3o pelo WhatsApp (83) 9 9634.5791, (83) 9 9601-1162.<\/strong><\/p>\n<\/div>\n<\/div>\n<\/div>\n<div class=\"mc-column content-text active-extra-styles active-capital-letter\" data-block-type=\"unstyled\" data-block-weight=\"56\"><\/div>\n<div class=\"mc-column content-text active-extra-styles \" data-block-type=\"unstyled\" data-block-weight=\"5\"><\/div>\n","protected":false},"excerpt":{"rendered":"<p>A Pol\u00edcia Rodovi\u00e1ria Federal (PRF) inicia nesta quinta-feira (13) a Opera\u00e7\u00e3o Semana Santa nas rodovias federais que cortam toda a Para\u00edba. A regi\u00e3o de Campina&hellip; <\/p>\n","protected":false},"author":2,"featured_media":17786,"comment_status":"closed","ping_status":"closed","sticky":false,"template":"","format":"standard","meta":{"sfsi_plus_gutenberg_text_before_share":"","sfsi_plus_gutenberg_show_text_before_share":"","sfsi_plus_gutenberg_icon_type":"","sfsi_plus_gutenberg_icon_alignemt":"","sfsi_plus_gutenburg_max_per_row":"","footnotes":""},"categories":[2],"tags":[],"class_list":["post-17785","post","type-post","status-publish","format-standard","has-post-thumbnail","hentry","category-geral"],"_links":{"self":[{"href":"https:\/\/www.caririemacao.com\/1\/wp-json\/wp\/v2\/posts\/17785","targetHints":{"allow":["GET"]}}],"collection":[{"href":"https:\/\/www.caririemacao.com\/1\/wp-json\/wp\/v2\/posts"}],"about":[{"href":"https:\/\/www.caririemacao.com\/1\/wp-json\/wp\/v2\/types\/post"}],"author":[{"embeddable":true,"href":"https:\/\/www.caririemacao.com\/1\/wp-json\/wp\/v2\/users\/2"}],"replies":[{"embeddable":true,"href":"https:\/\/www.caririemacao.com\/1\/wp-json\/wp\/v2\/comments?post=17785"}],"version-history":[{"count":0,"href":"https:\/\/www.caririemacao.com\/1\/wp-json\/wp\/v2\/posts\/17785\/revisions"}],"wp:featuredmedia":[{"embeddable":true,"href":"https:\/\/www.caririemacao.com\/1\/wp-json\/wp\/v2\/media\/17786"}],"wp:attachment":[{"href":"https:\/\/www.caririemacao.com\/1\/wp-json\/wp\/v2\/media?parent=17785"}],"wp:term":[{"taxonomy":"category","embeddable":true,"href":"https:\/\/www.caririemacao.com\/1\/wp-json\/wp\/v2\/categories?post=17785"},{"taxonomy":"post_tag","embeddable":true,"href":"https:\/\/www.caririemacao.com\/1\/wp-json\/wp\/v2\/tags?post=17785"}],"curies":[{"name":"wp","href":"https:\/\/api.w.org\/{rel}","templated":true}]}}