{"id":17795,"date":"2017-04-14T00:55:41","date_gmt":"2017-04-14T03:55:41","guid":{"rendered":"http:\/\/caririemacao.com\/1\/?p=17795"},"modified":"2017-04-14T00:55:41","modified_gmt":"2017-04-14T03:55:41","slug":"governo-federal-aprova-reajuste-de-748-nas-tarifas-postais","status":"publish","type":"post","link":"https:\/\/www.caririemacao.com\/1\/2017\/04\/14\/governo-federal-aprova-reajuste-de-748-nas-tarifas-postais\/","title":{"rendered":"Governo Federal aprova reajuste de 7,48% nas tarifas postais"},"content":{"rendered":"<div>O Minist\u00e9rio da Fazenda publicou nesta quinta-feira (13), no Di\u00e1rio Oficial da Uni\u00e3o, a portaria n\u00ba 176\/2017, que autoriza reajuste nas tarifas de servi\u00e7os postais e telegr\u00e1ficos dos Correios. Para entrar em vigor, a medida ainda depende da publica\u00e7\u00e3o da portaria do Minist\u00e9rio da Ci\u00eancia, Tecnologia, Inova\u00e7\u00f5es e Comunica\u00e7\u00f5es.<\/div>\n<div><\/div>\n<div>O reajuste m\u00e9dio ser\u00e1 de 7,48% para servi\u00e7os nacionais e internacionais. O primeiro porte da carta n\u00e3o comercial, por exemplo, ter\u00e1 seu valor atualizado de R$ 1,15 para R$ 1,23. No caso de telegrama nacional redigido pela internet, a nova tarifa \u00e9 de R$ 7,60 por p\u00e1gina \u2013 antes, a tarifa vigente era de R$ 7,07. A tarifa da Carta Social, destinada aos benefici\u00e1rios do programa Bolsa Fam\u00edlia, permanece inalterada, em R$ 0,01.<\/div>\n<div><\/div>\n<div>As novas tarifas n\u00e3o se aplicam ao segmento de encomendas (PAC e Sedex) e marketing direto. Vale lembrar que os servi\u00e7os dos Correios s\u00e3o reajustados anualmente com base na recomposi\u00e7\u00e3o dos custos repassados \u00e0 estatal, como aumento dos pre\u00e7os dos combust\u00edveis, contratos de aluguel, transportes, vigil\u00e2ncia, limpeza e sal\u00e1rios dos empregados.<\/div>\n<div><\/div>\n<div><strong>ISP <\/strong>\u2013 As tarifas s\u00e3o atualizadas com base no \u00cdndice de Servi\u00e7os Postais (ISP), indicador aplicado aos servi\u00e7os operados no regime de monop\u00f3lio pelos Correios. Ele \u00e9 formado a partir de uma cesta de \u00edndices (INPC, IPCA, IPCA Sa\u00fade, IPCA Transportes e IGP-M), ponderada pela participa\u00e7\u00e3o dos grupos de despesas da empresa.<\/div>\n<div>\n<p><strong>CARIRI EM A\u00c7\u00c3O<\/strong><\/p>\n<p>Com Ascom\/Foto: Reprodu\u00e7\u00e3o Google<\/p>\n<p><strong>Leia mais not\u00edcias em\u00a0<a href=\"http:\/\/www.caririemacao.com\/\">caririemacao.com<\/a>, siga nossa p\u00e1gina no\u00a0<a href=\"https:\/\/www.facebook.com\/CaririEmAcao\/?ref=aymt_homepage_panel\">Facebook<\/a>\u00a0e\u00a0<a href=\"https:\/\/www.instagram.com\/cariri_em_acao\/?hl=pt-br\">Instagram<\/a>\u00a0veja nossas mat\u00e9rias e fotos. Voc\u00ea tamb\u00e9m pode enviar informa\u00e7\u00f5es \u00e0 Reda\u00e7\u00e3o do Portal Cariri em A\u00e7\u00e3o pelo WhatsApp (83) 9 9634.5791, (83) 9 9601-1162.<\/strong><\/p>\n<\/div>\n","protected":false},"excerpt":{"rendered":"<p>O Minist\u00e9rio da Fazenda publicou nesta quinta-feira (13), no Di\u00e1rio Oficial da Uni\u00e3o, a portaria n\u00ba 176\/2017, que autoriza reajuste nas tarifas de servi\u00e7os postais&hellip; <\/p>\n","protected":false},"author":2,"featured_media":17796,"comment_status":"closed","ping_status":"closed","sticky":false,"template":"","format":"standard","meta":{"sfsi_plus_gutenberg_text_before_share":"","sfsi_plus_gutenberg_show_text_before_share":"","sfsi_plus_gutenberg_icon_type":"","sfsi_plus_gutenberg_icon_alignemt":"","sfsi_plus_gutenburg_max_per_row":"","footnotes":""},"categories":[2],"tags":[],"class_list":["post-17795","post","type-post","status-publish","format-standard","has-post-thumbnail","hentry","category-geral"],"_links":{"self":[{"href":"https:\/\/www.caririemacao.com\/1\/wp-json\/wp\/v2\/posts\/17795","targetHints":{"allow":["GET"]}}],"collection":[{"href":"https:\/\/www.caririemacao.com\/1\/wp-json\/wp\/v2\/posts"}],"about":[{"href":"https:\/\/www.caririemacao.com\/1\/wp-json\/wp\/v2\/types\/post"}],"author":[{"embeddable":true,"href":"https:\/\/www.caririemacao.com\/1\/wp-json\/wp\/v2\/users\/2"}],"replies":[{"embeddable":true,"href":"https:\/\/www.caririemacao.com\/1\/wp-json\/wp\/v2\/comments?post=17795"}],"version-history":[{"count":0,"href":"https:\/\/www.caririemacao.com\/1\/wp-json\/wp\/v2\/posts\/17795\/revisions"}],"wp:featuredmedia":[{"embeddable":true,"href":"https:\/\/www.caririemacao.com\/1\/wp-json\/wp\/v2\/media\/17796"}],"wp:attachment":[{"href":"https:\/\/www.caririemacao.com\/1\/wp-json\/wp\/v2\/media?parent=17795"}],"wp:term":[{"taxonomy":"category","embeddable":true,"href":"https:\/\/www.caririemacao.com\/1\/wp-json\/wp\/v2\/categories?post=17795"},{"taxonomy":"post_tag","embeddable":true,"href":"https:\/\/www.caririemacao.com\/1\/wp-json\/wp\/v2\/tags?post=17795"}],"curies":[{"name":"wp","href":"https:\/\/api.w.org\/{rel}","templated":true}]}}