{"id":17800,"date":"2017-04-14T01:02:13","date_gmt":"2017-04-14T04:02:13","guid":{"rendered":"http:\/\/caririemacao.com\/1\/?p=17800"},"modified":"2017-04-14T01:02:13","modified_gmt":"2017-04-14T04:02:13","slug":"acusado-de-tentativa-de-homicidio-e-preso-enquanto-tomava-banho-nas-aguas-da-transposicao","status":"publish","type":"post","link":"https:\/\/www.caririemacao.com\/1\/2017\/04\/14\/acusado-de-tentativa-de-homicidio-e-preso-enquanto-tomava-banho-nas-aguas-da-transposicao\/","title":{"rendered":"Acusado de tentativa de homic\u00eddio \u00e9 preso enquanto tomava banho nas \u00e1guas da Transposi\u00e7\u00e3o"},"content":{"rendered":"<p>Um jovem de 21 anos foi preso na tarde desta quinta-feira (13), em Monteiro, no momento em que se banhava nas \u00e1guas do Rio S\u00e3o Francisco as margens da BR-412.<\/p>\n<p>A pris\u00e3o foi efetuada por agentes do GTE da 14\u00b0 Delegacia Seccional de Pol\u00edcia Civil de Monteiro, em cumprimento de mandado judicial.<\/p>\n<p>O jovem \u00e9 acusado de tentativa de homic\u00eddio, e vinha sendo procurado pela Pol\u00edcia j\u00e1 h\u00e1 um tempo.<\/p>\n<p><strong><span style=\"font-family: 'Georgia','serif'; color: #333333;\">CARIRI EM A\u00c7\u00c3O<\/span><\/strong><\/p>\n<p style=\"background: white; font-variant-ligatures: normal; font-variant-caps: normal; orphans: 2; text-align: start; widows: 2; -webkit-text-stroke-width: 0px; text-decoration-style: initial; text-decoration-color: initial; word-spacing: 0px;\"><span style=\"font-family: 'Georgia','serif'; color: #333333;\">Com Vitrine do Cariri\/Foto: Reprodu\u00e7\u00e3o<\/span><\/p>\n<p style=\"background: white; font-variant-ligatures: normal; font-variant-caps: normal; orphans: 2; text-align: start; widows: 2; -webkit-text-stroke-width: 0px; text-decoration-style: initial; text-decoration-color: initial; word-spacing: 0px;\"><strong><span style=\"font-family: 'Georgia','serif'; color: #333333;\">Leia mais not\u00edcias em\u00a0<a href=\"http:\/\/www.caririemacao.com\/\">caririemacao.com<\/a>, siga nossa p\u00e1gina no\u00a0<a href=\"https:\/\/www.facebook.com\/CaririEmAcao\/?ref=aymt_homepage_panel\">Facebook<\/a>\u00a0e\u00a0<a href=\"https:\/\/www.instagram.com\/cariri_em_acao\/?hl=pt-br\">Instagram<\/a>\u00a0veja nossas mat\u00e9rias e fotos. Voc\u00ea tamb\u00e9m pode enviar informa\u00e7\u00f5es \u00e0 Reda\u00e7\u00e3o do Portal Cariri em A\u00e7\u00e3o pelo WhatsApp (83) 9 9634.5791, (83) 9 9601-1162.<\/span><\/strong><\/p>\n","protected":false},"excerpt":{"rendered":"<p>Um jovem de 21 anos foi preso na tarde desta quinta-feira (13), em Monteiro, no momento em que se banhava nas \u00e1guas do Rio S\u00e3o&hellip; <\/p>\n","protected":false},"author":2,"featured_media":17801,"comment_status":"closed","ping_status":"closed","sticky":false,"template":"","format":"standard","meta":{"sfsi_plus_gutenberg_text_before_share":"","sfsi_plus_gutenberg_show_text_before_share":"","sfsi_plus_gutenberg_icon_type":"","sfsi_plus_gutenberg_icon_alignemt":"","sfsi_plus_gutenburg_max_per_row":"","footnotes":""},"categories":[12],"tags":[],"class_list":["post-17800","post","type-post","status-publish","format-standard","has-post-thumbnail","hentry","category-policia"],"_links":{"self":[{"href":"https:\/\/www.caririemacao.com\/1\/wp-json\/wp\/v2\/posts\/17800","targetHints":{"allow":["GET"]}}],"collection":[{"href":"https:\/\/www.caririemacao.com\/1\/wp-json\/wp\/v2\/posts"}],"about":[{"href":"https:\/\/www.caririemacao.com\/1\/wp-json\/wp\/v2\/types\/post"}],"author":[{"embeddable":true,"href":"https:\/\/www.caririemacao.com\/1\/wp-json\/wp\/v2\/users\/2"}],"replies":[{"embeddable":true,"href":"https:\/\/www.caririemacao.com\/1\/wp-json\/wp\/v2\/comments?post=17800"}],"version-history":[{"count":0,"href":"https:\/\/www.caririemacao.com\/1\/wp-json\/wp\/v2\/posts\/17800\/revisions"}],"wp:featuredmedia":[{"embeddable":true,"href":"https:\/\/www.caririemacao.com\/1\/wp-json\/wp\/v2\/media\/17801"}],"wp:attachment":[{"href":"https:\/\/www.caririemacao.com\/1\/wp-json\/wp\/v2\/media?parent=17800"}],"wp:term":[{"taxonomy":"category","embeddable":true,"href":"https:\/\/www.caririemacao.com\/1\/wp-json\/wp\/v2\/categories?post=17800"},{"taxonomy":"post_tag","embeddable":true,"href":"https:\/\/www.caririemacao.com\/1\/wp-json\/wp\/v2\/tags?post=17800"}],"curies":[{"name":"wp","href":"https:\/\/api.w.org\/{rel}","templated":true}]}}