{"id":178001,"date":"2020-07-09T10:17:05","date_gmt":"2020-07-09T13:17:05","guid":{"rendered":"https:\/\/www.caririemacao.com\/1\/?p=178001"},"modified":"2020-07-09T10:17:05","modified_gmt":"2020-07-09T13:17:05","slug":"auxilio-emergencial-elevou-padrao-de-vida-em-23-milhoes-de-domicilios","status":"publish","type":"post","link":"https:\/\/www.caririemacao.com\/1\/2020\/07\/09\/auxilio-emergencial-elevou-padrao-de-vida-em-23-milhoes-de-domicilios\/","title":{"rendered":"Aux\u00edlio emergencial elevou padr\u00e3o de vida em 23 milh\u00f5es de domic\u00edlios"},"content":{"rendered":"\n<p>Em tr\u00eas meses de vig\u00eancia, o aux\u00edlio emergencial de R$ 600 (R$ 1,2 mil para m\u00e3es solteiras) elevou o padr\u00e3o de vida em mais de 23 milh\u00f5es de lares brasileiros, revelou relat\u00f3rio divulgado, hoje (8), pela Secretaria de Pol\u00edtica Econ\u00f4mica do Minist\u00e9rio da Economia. Nos domic\u00edlios mais pobres, mais de 93% da renda vem do benef\u00edcio social.<img decoding=\"async\" data-src=\"https:\/\/agenciabrasil.ebc.com.br\/ebc.png?id=1311140&amp;o=node\" src=\"data:image\/svg+xml;base64,PHN2ZyB3aWR0aD0iMSIgaGVpZ2h0PSIxIiB4bWxucz0iaHR0cDovL3d3dy53My5vcmcvMjAwMC9zdmciPjwvc3ZnPg==\" class=\"lazyload\"><\/p>\n\n\n\n<p>A secretaria publicou nota informativa em que usa dados da Pesquisa Nacional por Amostra de Domic\u00edlios (PNAD \u2013 Covid-19) para analisar a abrang\u00eancia, a focaliza\u00e7\u00e3o e o efeito sobre a distribui\u00e7\u00e3o de renda do aux\u00edlio emergencial.<\/p>\n\n\n\n<p>De acordo com o texto, a medida conseguiu atender aos objetivos ao se concentrar nos trabalhadores informais e nos indiv\u00edduos, tanto os que est\u00e3o sem ocupa\u00e7\u00e3o como fora da for\u00e7a de trabalho, em especial, nas faixas mais baixas da distribui\u00e7\u00e3o de renda.<\/p>\n\n\n\n<p>Segundo a an\u00e1lise, a medida \u00e9 fortemente concentrada nos 30% mais pobres da popula\u00e7\u00e3o brasileira, apesar de den\u00fancias apuradas pela Controladoria-Geral da Uni\u00e3o (CGU) de que pessoas que n\u00e3o teriam direito ao aux\u00edlio recebem o benef\u00edcio. Nos cerca de 23 milh\u00f5es de domic\u00edlios com eleva\u00e7\u00e3o do padr\u00e3o de vida, informou o relat\u00f3rio, o aux\u00edlio emergencial permitiu que os moradores sa\u00edssem do n\u00edvel habitual de renda a padr\u00f5es que superam os limites de extrema pobreza e de pobreza.<\/p>\n\n\n\n<p>\u201cO aux\u00edlio emergencial conseguiu atingir plenamente os seus objetivos. O foco na popula\u00e7\u00e3o mais pobre e nos trabalhadores informais merece destaque. Muitas fam\u00edlias tiveram sua vida melhorada pelo aux\u00edlio, permitindo a ado\u00e7\u00e3o de pr\u00e1ticas voltadas \u00e0 preven\u00e7\u00e3o contra a Covid-19 e a eleva\u00e7\u00e3o do seu padr\u00e3o de consumo\u201d, informou o Minist\u00e9rio da Economia em comunicado.<\/p>\n","protected":false},"excerpt":{"rendered":"<p>Em tr\u00eas meses de vig\u00eancia, o aux\u00edlio emergencial de R$ 600 (R$ 1,2 mil para m\u00e3es solteiras) elevou o padr\u00e3o de vida em mais de&hellip; <\/p>\n","protected":false},"author":2,"featured_media":177070,"comment_status":"closed","ping_status":"closed","sticky":false,"template":"","format":"standard","meta":{"sfsi_plus_gutenberg_text_before_share":"","sfsi_plus_gutenberg_show_text_before_share":"","sfsi_plus_gutenberg_icon_type":"","sfsi_plus_gutenberg_icon_alignemt":"","sfsi_plus_gutenburg_max_per_row":"","footnotes":""},"categories":[2],"tags":[],"class_list":["post-178001","post","type-post","status-publish","format-standard","has-post-thumbnail","hentry","category-geral"],"_links":{"self":[{"href":"https:\/\/www.caririemacao.com\/1\/wp-json\/wp\/v2\/posts\/178001","targetHints":{"allow":["GET"]}}],"collection":[{"href":"https:\/\/www.caririemacao.com\/1\/wp-json\/wp\/v2\/posts"}],"about":[{"href":"https:\/\/www.caririemacao.com\/1\/wp-json\/wp\/v2\/types\/post"}],"author":[{"embeddable":true,"href":"https:\/\/www.caririemacao.com\/1\/wp-json\/wp\/v2\/users\/2"}],"replies":[{"embeddable":true,"href":"https:\/\/www.caririemacao.com\/1\/wp-json\/wp\/v2\/comments?post=178001"}],"version-history":[{"count":1,"href":"https:\/\/www.caririemacao.com\/1\/wp-json\/wp\/v2\/posts\/178001\/revisions"}],"predecessor-version":[{"id":178002,"href":"https:\/\/www.caririemacao.com\/1\/wp-json\/wp\/v2\/posts\/178001\/revisions\/178002"}],"wp:featuredmedia":[{"embeddable":true,"href":"https:\/\/www.caririemacao.com\/1\/wp-json\/wp\/v2\/media\/177070"}],"wp:attachment":[{"href":"https:\/\/www.caririemacao.com\/1\/wp-json\/wp\/v2\/media?parent=178001"}],"wp:term":[{"taxonomy":"category","embeddable":true,"href":"https:\/\/www.caririemacao.com\/1\/wp-json\/wp\/v2\/categories?post=178001"},{"taxonomy":"post_tag","embeddable":true,"href":"https:\/\/www.caririemacao.com\/1\/wp-json\/wp\/v2\/tags?post=178001"}],"curies":[{"name":"wp","href":"https:\/\/api.w.org\/{rel}","templated":true}]}}