{"id":178007,"date":"2020-07-09T10:22:50","date_gmt":"2020-07-09T13:22:50","guid":{"rendered":"https:\/\/www.caririemacao.com\/1\/?p=178007"},"modified":"2020-07-09T10:22:50","modified_gmt":"2020-07-09T13:22:50","slug":"auxilio-emergencial-caixa-economica-libera-saques-e-transferencias-dos-aprovados-no-terceiro-lote-nascidos-em-abril","status":"publish","type":"post","link":"https:\/\/www.caririemacao.com\/1\/2020\/07\/09\/auxilio-emergencial-caixa-economica-libera-saques-e-transferencias-dos-aprovados-no-terceiro-lote-nascidos-em-abril\/","title":{"rendered":"Aux\u00edlio Emergencial: Caixa Econ\u00f4mica libera saques e transfer\u00eancias dos aprovados no terceiro lote nascidos em abril"},"content":{"rendered":"\n<p>A Caixa Econ\u00f4mica Federal libera a partir desta quinta-feira (9) os saques e transfer\u00eancias da primeira parcela do Aux\u00edlio Emergencial para os aprovados inscritos no aplicativo e site dentro do terceiro lote, e que aniversariam em abril &#8211; um total de 400 mil trabalhadores. Ao todo, o lote inclui 5,9 milh\u00f5es de benefici\u00e1rios.<\/p>\n\n\n\n<p>Os saques e transfer\u00eancias ser\u00e3o realizados conforme o m\u00eas de nascimento do trabalhador e v\u00e3o at\u00e9 o dia 18 de julho. Esses trabalhadores j\u00e1 tiveram o dinheiro liberado na poupan\u00e7a social digital entre os dias 16 e 17 de junho.&nbsp;<\/p>\n\n\n\n<p>S\u00e3o 400 mil trabalhadores nascidos a cada m\u00eas que poder\u00e3o fazer o saque dentro desse lote, com exce\u00e7\u00e3o de dezembro, que soma 500 mil benefici\u00e1rios.<\/p>\n\n\n\n<p>J\u00e1 a segunda parcela para os aprovados do terceiro lote ainda n\u00e3o tem data definida.<\/p>\n\n\n\n<p><strong>Balan\u00e7o<\/strong><\/p>\n\n\n\n<p>Segundo a Caixa, 65,2 milh\u00f5es de benefici\u00e1rios j\u00e1 receberam o Aux\u00edlio Emergencial dentro das parcelas 1, 2 e 3, totalizando R$ 121,1 bilh\u00f5es.<\/p>\n\n\n\n<p>Dos 108,9 milh\u00f5es de cadastros no programa, 107,7 milh\u00f5es foram processados. Cerca de 832 mil ainda esperam por rean\u00e1lise, todos inscritos no app e site do aux\u00edlio, enquanto cerca de 1,2 mil ainda est\u00e3o em primeira an\u00e1lise.<\/p>\n\n\n\n<p>Os trabalhadores podem consultar a situa\u00e7\u00e3o do benef\u00edcio pelo aplicativo do aux\u00edlio emergencial ou pelo site auxilio.caixa.gov.br.<\/p>\n","protected":false},"excerpt":{"rendered":"<p>A Caixa Econ\u00f4mica Federal libera a partir desta quinta-feira (9) os saques e transfer\u00eancias da primeira parcela do Aux\u00edlio Emergencial para os aprovados inscritos no&hellip; <\/p>\n","protected":false},"author":2,"featured_media":172924,"comment_status":"closed","ping_status":"closed","sticky":false,"template":"","format":"standard","meta":{"sfsi_plus_gutenberg_text_before_share":"","sfsi_plus_gutenberg_show_text_before_share":"","sfsi_plus_gutenberg_icon_type":"","sfsi_plus_gutenberg_icon_alignemt":"","sfsi_plus_gutenburg_max_per_row":"","footnotes":""},"categories":[2],"tags":[],"class_list":["post-178007","post","type-post","status-publish","format-standard","has-post-thumbnail","hentry","category-geral"],"_links":{"self":[{"href":"https:\/\/www.caririemacao.com\/1\/wp-json\/wp\/v2\/posts\/178007","targetHints":{"allow":["GET"]}}],"collection":[{"href":"https:\/\/www.caririemacao.com\/1\/wp-json\/wp\/v2\/posts"}],"about":[{"href":"https:\/\/www.caririemacao.com\/1\/wp-json\/wp\/v2\/types\/post"}],"author":[{"embeddable":true,"href":"https:\/\/www.caririemacao.com\/1\/wp-json\/wp\/v2\/users\/2"}],"replies":[{"embeddable":true,"href":"https:\/\/www.caririemacao.com\/1\/wp-json\/wp\/v2\/comments?post=178007"}],"version-history":[{"count":1,"href":"https:\/\/www.caririemacao.com\/1\/wp-json\/wp\/v2\/posts\/178007\/revisions"}],"predecessor-version":[{"id":178008,"href":"https:\/\/www.caririemacao.com\/1\/wp-json\/wp\/v2\/posts\/178007\/revisions\/178008"}],"wp:featuredmedia":[{"embeddable":true,"href":"https:\/\/www.caririemacao.com\/1\/wp-json\/wp\/v2\/media\/172924"}],"wp:attachment":[{"href":"https:\/\/www.caririemacao.com\/1\/wp-json\/wp\/v2\/media?parent=178007"}],"wp:term":[{"taxonomy":"category","embeddable":true,"href":"https:\/\/www.caririemacao.com\/1\/wp-json\/wp\/v2\/categories?post=178007"},{"taxonomy":"post_tag","embeddable":true,"href":"https:\/\/www.caririemacao.com\/1\/wp-json\/wp\/v2\/tags?post=178007"}],"curies":[{"name":"wp","href":"https:\/\/api.w.org\/{rel}","templated":true}]}}