{"id":17803,"date":"2017-04-14T01:05:19","date_gmt":"2017-04-14T04:05:19","guid":{"rendered":"http:\/\/caririemacao.com\/1\/?p=17803"},"modified":"2017-04-14T01:05:19","modified_gmt":"2017-04-14T04:05:19","slug":"acude-de-sume-recebe-recarga-de-agua-e-aumenta-quase-tres-metros","status":"publish","type":"post","link":"https:\/\/www.caririemacao.com\/1\/2017\/04\/14\/acude-de-sume-recebe-recarga-de-agua-e-aumenta-quase-tres-metros\/","title":{"rendered":"A\u00e7ude de Sum\u00e9 recebe recarga de \u00e1gua e aumenta quase tr\u00eas metros"},"content":{"rendered":"<p>O a\u00e7ude de Sum\u00e9, no Cariri, recebeu quase tr\u00eas metros de \u00e1gua apenas na noite desta quarta-feira (12) e madrugada desta quinta-feira (13). O fato alegrou a popula\u00e7\u00e3o do Cariri, que vem sendo abastecida com a \u00e1gua do manancial.<\/p>\n<div><\/div>\n<div>De acordo com as informa\u00e7\u00f5es, nesta quarta-feira o a\u00e7ude estava na cota de 65.54 da r\u00e9gua limnim\u00e9trica, com um volume acumulado de 2.090.513 metros c\u00fabicos de \u00e1gua.<\/div>\n<div><\/div>\n<div>J\u00e1 nesta quinta-feira, a cota est\u00e1 em 68.48 da r\u00e9gua Limnim\u00e9trica, com um volume acumulado de 8.206.715 metros c\u00fabicos de \u00e1gua, isto quer dizer que a \u00e1gua subiu na r\u00e9gua limnim\u00e9trica 2.94 metros e acumulou 6.116.202 metros c\u00fabicos de \u00e1gua.<\/div>\n<div><\/div>\n<div>O manancial \u00e9 o respons\u00e1vel por abastecer 10 munic\u00edpios do Cariri e um distrito, sendo eles, Sum\u00e9, Serra Branca e o distrito de Santa Luzia do Cariri, S\u00e3o Jos\u00e9 dos Cordeiros, Livramento, S\u00e3o Jo\u00e3o do Cariri, Parari, Gurj\u00e3o, Prata, Ouro Velho e o munic\u00edpio de Monteiro, que tem seu racionamento refor\u00e7ado com o a\u00e7ude de Sum\u00e9.<\/div>\n<div><\/div>\n<div><strong><span style=\"font-family: 'Georgia','serif'; color: #333333;\">CARIRI EM A\u00c7\u00c3O<\/span><\/strong><\/div>\n<div>\n<p style=\"background: white; font-variant-ligatures: normal; font-variant-caps: normal; orphans: 2; text-align: start; widows: 2; -webkit-text-stroke-width: 0px; text-decoration-style: initial; text-decoration-color: initial; word-spacing: 0px;\"><span style=\"font-family: 'Georgia','serif'; color: #333333;\">Com Jacqueline Oliveira\/Foto: Reprodu\u00e7\u00e3o\u00a0<\/span><\/p>\n<p style=\"background: white; font-variant-ligatures: normal; font-variant-caps: normal; orphans: 2; text-align: start; widows: 2; -webkit-text-stroke-width: 0px; text-decoration-style: initial; text-decoration-color: initial; word-spacing: 0px;\"><strong><span style=\"font-family: 'Georgia','serif'; color: #333333;\">Leia mais not\u00edcias em\u00a0<a href=\"http:\/\/www.caririemacao.com\/\">caririemacao.com<\/a>, siga nossa p\u00e1gina no\u00a0<a href=\"https:\/\/www.facebook.com\/CaririEmAcao\/?ref=aymt_homepage_panel\">Facebook<\/a>\u00a0e\u00a0<a href=\"https:\/\/www.instagram.com\/cariri_em_acao\/?hl=pt-br\">Instagram<\/a>\u00a0veja nossas mat\u00e9rias e fotos. Voc\u00ea tamb\u00e9m pode enviar informa\u00e7\u00f5es \u00e0 Reda\u00e7\u00e3o do Portal Cariri em A\u00e7\u00e3o pelo WhatsApp (83) 9 9634.5791, (83) 9 9601-1162.<\/span><\/strong><\/p>\n<\/div>\n","protected":false},"excerpt":{"rendered":"<p>O a\u00e7ude de Sum\u00e9, no Cariri, recebeu quase tr\u00eas metros de \u00e1gua apenas na noite desta quarta-feira (12) e madrugada desta quinta-feira (13). O fato&hellip; <\/p>\n","protected":false},"author":2,"featured_media":17804,"comment_status":"closed","ping_status":"closed","sticky":false,"template":"","format":"standard","meta":{"sfsi_plus_gutenberg_text_before_share":"","sfsi_plus_gutenberg_show_text_before_share":"","sfsi_plus_gutenberg_icon_type":"","sfsi_plus_gutenberg_icon_alignemt":"","sfsi_plus_gutenburg_max_per_row":"","footnotes":""},"categories":[6],"tags":[],"class_list":["post-17803","post","type-post","status-publish","format-standard","has-post-thumbnail","hentry","category-cidades"],"_links":{"self":[{"href":"https:\/\/www.caririemacao.com\/1\/wp-json\/wp\/v2\/posts\/17803","targetHints":{"allow":["GET"]}}],"collection":[{"href":"https:\/\/www.caririemacao.com\/1\/wp-json\/wp\/v2\/posts"}],"about":[{"href":"https:\/\/www.caririemacao.com\/1\/wp-json\/wp\/v2\/types\/post"}],"author":[{"embeddable":true,"href":"https:\/\/www.caririemacao.com\/1\/wp-json\/wp\/v2\/users\/2"}],"replies":[{"embeddable":true,"href":"https:\/\/www.caririemacao.com\/1\/wp-json\/wp\/v2\/comments?post=17803"}],"version-history":[{"count":0,"href":"https:\/\/www.caririemacao.com\/1\/wp-json\/wp\/v2\/posts\/17803\/revisions"}],"wp:featuredmedia":[{"embeddable":true,"href":"https:\/\/www.caririemacao.com\/1\/wp-json\/wp\/v2\/media\/17804"}],"wp:attachment":[{"href":"https:\/\/www.caririemacao.com\/1\/wp-json\/wp\/v2\/media?parent=17803"}],"wp:term":[{"taxonomy":"category","embeddable":true,"href":"https:\/\/www.caririemacao.com\/1\/wp-json\/wp\/v2\/categories?post=17803"},{"taxonomy":"post_tag","embeddable":true,"href":"https:\/\/www.caririemacao.com\/1\/wp-json\/wp\/v2\/tags?post=17803"}],"curies":[{"name":"wp","href":"https:\/\/api.w.org\/{rel}","templated":true}]}}