{"id":17813,"date":"2017-04-14T12:37:17","date_gmt":"2017-04-14T15:37:17","guid":{"rendered":"http:\/\/caririemacao.com\/1\/?p=17813"},"modified":"2017-04-14T12:37:17","modified_gmt":"2017-04-14T15:37:17","slug":"semana-santa-prefeitura-de-sao-jose-dos-cordeiros-distribui-peixes-para-a-populacao","status":"publish","type":"post","link":"https:\/\/www.caririemacao.com\/1\/2017\/04\/14\/semana-santa-prefeitura-de-sao-jose-dos-cordeiros-distribui-peixes-para-a-populacao\/","title":{"rendered":"SEMANA SANTA: Prefeitura de S\u00e3o Jos\u00e9 dos Cordeiros distribui peixes para a popula\u00e7\u00e3o"},"content":{"rendered":"<p>A Secretaria Municipal de Assist\u00eancia Social de S\u00e3o Jos\u00e9 dos Cordeiros realizou na manh\u00e3 desta quinta-feira (13), a distribui\u00e7\u00e3o de peixes as fam\u00edlias carentes do munic\u00edpio. A distribui\u00e7\u00e3o aconteceu na sede do CRAS.<\/p>\n<p>Segundo a secret\u00e1ria de Assist\u00eancia Social, Alcione Almeida, o munic\u00edpio beneficiou com a distribui\u00e7\u00e3o cerca de 560 fam\u00edlias que est\u00e3o cadastradas no programa bolsa fam\u00edlia.<\/p>\n<p>Este ano a Secretaria de Assist\u00eancia Social al\u00e9m de distribuir pescados ainda beneficiou as fam\u00edlias carentes, com arroz, o beneficio foi estendido tamb\u00e9m aos moradores da zona rural. Os kites jejum foram adquiridos pela Prefeitura com recursos pr\u00f3prios.<\/p>\n<p>Em conversa com o Prefeito, Jeferson Roberto, ele destacou a import\u00e2ncia da a\u00e7\u00e3o e afirmou que a inten\u00e7\u00e3o da gest\u00e3o \u00e9 a cada dia fazer mais e melhor pela popula\u00e7\u00e3o de S\u00e3o Jos\u00e9 dos Cordeiros.<br \/>\n<iframe style=\"border: none; overflow: hidden;\" data-src=\"https:\/\/www.facebook.com\/plugins\/video.php?href=https%3A%2F%2Fwww.facebook.com%2FCaririEmAcao%2Fvideos%2F997785637024126%2F&amp;show_text=0&amp;width=560\" width=\"560\" height=\"315\" frameborder=\"0\" scrolling=\"no\" allowfullscreen=\"allowfullscreen\" src=\"data:image\/svg+xml;base64,PHN2ZyB3aWR0aD0iMSIgaGVpZ2h0PSIxIiB4bWxucz0iaHR0cDovL3d3dy53My5vcmcvMjAwMC9zdmciPjwvc3ZnPg==\" class=\"lazyload\" data-load-mode=\"1\"><\/iframe><\/p>\n<p><a href=\"https:\/\/www.facebook.com\/pg\/CaririEmAcao\/photos\/?tab=album&amp;album_id=998191010316922\">Veja as Images\u00a0<\/a><\/p>\n<p><strong>CARIRI EM A\u00c7\u00c3O<\/strong><\/p>\n<p>Foto: Cariri em A\u00e7\u00e3o com\u00a0Alcione Almeida<\/p>\n<p><strong>Leia mais not\u00edcias em\u00a0<a href=\"http:\/\/www.caririemacao.com\/\">caririemacao.com<\/a>, siga nossa p\u00e1gina no<a href=\"https:\/\/www.facebook.com\/CaririEmAcao\/\">\u00a0Facebook<\/a>\u00a0e\u00a0<a href=\"https:\/\/www.instagram.com\/cariri_em_acao\/?hl=pt-br\">Instagram<\/a>\u00a0veja nossas mat\u00e9rias e fotos. Voc\u00ea tamb\u00e9m pode enviar informa\u00e7\u00f5es \u00e0 Reda\u00e7\u00e3o do Portal Cariri em A\u00e7\u00e3o pelo WhatsApp (83) 9 9634.5791, (83) 9 9601-1162.<\/strong><\/p>\n","protected":false},"excerpt":{"rendered":"<p>A Secretaria Municipal de Assist\u00eancia Social de S\u00e3o Jos\u00e9 dos Cordeiros realizou na manh\u00e3 desta quinta-feira (13), a distribui\u00e7\u00e3o de peixes as fam\u00edlias carentes do&hellip; <\/p>\n","protected":false},"author":2,"featured_media":17814,"comment_status":"closed","ping_status":"closed","sticky":false,"template":"","format":"standard","meta":{"sfsi_plus_gutenberg_text_before_share":"","sfsi_plus_gutenberg_show_text_before_share":"","sfsi_plus_gutenberg_icon_type":"","sfsi_plus_gutenberg_icon_alignemt":"","sfsi_plus_gutenburg_max_per_row":"","footnotes":""},"categories":[6],"tags":[],"class_list":["post-17813","post","type-post","status-publish","format-standard","has-post-thumbnail","hentry","category-cidades"],"_links":{"self":[{"href":"https:\/\/www.caririemacao.com\/1\/wp-json\/wp\/v2\/posts\/17813","targetHints":{"allow":["GET"]}}],"collection":[{"href":"https:\/\/www.caririemacao.com\/1\/wp-json\/wp\/v2\/posts"}],"about":[{"href":"https:\/\/www.caririemacao.com\/1\/wp-json\/wp\/v2\/types\/post"}],"author":[{"embeddable":true,"href":"https:\/\/www.caririemacao.com\/1\/wp-json\/wp\/v2\/users\/2"}],"replies":[{"embeddable":true,"href":"https:\/\/www.caririemacao.com\/1\/wp-json\/wp\/v2\/comments?post=17813"}],"version-history":[{"count":0,"href":"https:\/\/www.caririemacao.com\/1\/wp-json\/wp\/v2\/posts\/17813\/revisions"}],"wp:featuredmedia":[{"embeddable":true,"href":"https:\/\/www.caririemacao.com\/1\/wp-json\/wp\/v2\/media\/17814"}],"wp:attachment":[{"href":"https:\/\/www.caririemacao.com\/1\/wp-json\/wp\/v2\/media?parent=17813"}],"wp:term":[{"taxonomy":"category","embeddable":true,"href":"https:\/\/www.caririemacao.com\/1\/wp-json\/wp\/v2\/categories?post=17813"},{"taxonomy":"post_tag","embeddable":true,"href":"https:\/\/www.caririemacao.com\/1\/wp-json\/wp\/v2\/tags?post=17813"}],"curies":[{"name":"wp","href":"https:\/\/api.w.org\/{rel}","templated":true}]}}