{"id":17816,"date":"2017-04-14T13:59:34","date_gmt":"2017-04-14T16:59:34","guid":{"rendered":"http:\/\/caririemacao.com\/1\/?p=17816"},"modified":"2017-04-14T14:10:58","modified_gmt":"2017-04-14T17:10:58","slug":"prefeitura-realiza-limpeza-de-acude-publico-em-sao-jose-dos-cordeiros","status":"publish","type":"post","link":"https:\/\/www.caririemacao.com\/1\/2017\/04\/14\/prefeitura-realiza-limpeza-de-acude-publico-em-sao-jose-dos-cordeiros\/","title":{"rendered":"Prefeitura realiza limpeza de a\u00e7ude p\u00fablico em S\u00e3o Jos\u00e9 dos Cordeiros"},"content":{"rendered":"<p>A Prefeitura de S\u00e3o Jos\u00e9 dos Cordeiros realizou nesta quinta-feira (13) uma limpeza no a\u00e7ude p\u00fablico da cidade.<\/p>\n<p><a href=\"http:\/\/caririemacao.com\/1\/wp-content\/uploads\/2017\/04\/DSC_0019-2.jpg\"><img fetchpriority=\"high\" decoding=\"async\" class=\"aligncenter wp-image-17821 size-full\" src=\"http:\/\/caririemacao.com\/1\/wp-content\/uploads\/2017\/04\/DSC_0019-2.jpg\" alt=\"DSC_0019 (2)\" width=\"800\" height=\"532\" srcset=\"https:\/\/www.caririemacao.com\/1\/wp-content\/uploads\/2017\/04\/DSC_0019-2.jpg 800w, https:\/\/www.caririemacao.com\/1\/wp-content\/uploads\/2017\/04\/DSC_0019-2-300x200.jpg 300w, https:\/\/www.caririemacao.com\/1\/wp-content\/uploads\/2017\/04\/DSC_0019-2-768x511.jpg 768w\" sizes=\"(max-width: 800px) 100vw, 800px\" \/><\/a><\/p>\n<p>O trabalho de limpeza foi realizado com o apoio da Secretaria de Infraestrutura, que na oportunidade designou uma equipe de trabalhadores para executar a a\u00e7\u00e3o.<\/p>\n<p>O prefeito do munic\u00edpio, Jefferson Roberto, esteve presente no local e acompanhou toda a a\u00e7\u00e3o. Em uma rede social, ele agradeceu o empenho da equipe. \u201cQuero agradecer ao seu Genival, Ismael Catito, Edjane, Zil, Z\u00e9 Pipoca e Seu Louro pelo empenho na limpeza do a\u00e7ude, e agradecer a sugest\u00e3o do amigo Luza Marchante em fazermos a limpeza da parede do a\u00e7ude. Quando a comunidade est\u00e1 em parceria com a gest\u00e3o os problemas s\u00e3o resolvidos de forma mais \u00e1gil.\u201d.<\/p>\n<p><a href=\"http:\/\/caririemacao.com\/1\/wp-content\/uploads\/2017\/04\/DSC_0022-2-1.jpg\"><img decoding=\"async\" class=\"alignnone wp-image-17822 size-full lazyload\" data-src=\"http:\/\/caririemacao.com\/1\/wp-content\/uploads\/2017\/04\/DSC_0022-2-1.jpg\" alt=\"????????????????????????????????????\" width=\"800\" height=\"532\" data-srcset=\"https:\/\/www.caririemacao.com\/1\/wp-content\/uploads\/2017\/04\/DSC_0022-2-1.jpg 800w, https:\/\/www.caririemacao.com\/1\/wp-content\/uploads\/2017\/04\/DSC_0022-2-1-300x200.jpg 300w, https:\/\/www.caririemacao.com\/1\/wp-content\/uploads\/2017\/04\/DSC_0022-2-1-768x511.jpg 768w\" data-sizes=\"(max-width: 800px) 100vw, 800px\" src=\"data:image\/svg+xml;base64,PHN2ZyB3aWR0aD0iMSIgaGVpZ2h0PSIxIiB4bWxucz0iaHR0cDovL3d3dy53My5vcmcvMjAwMC9zdmciPjwvc3ZnPg==\" style=\"--smush-placeholder-width: 800px; --smush-placeholder-aspect-ratio: 800\/532;\" \/><\/a><\/p>\n<p>O Manancial no momento da limpeza j\u00e1 estava recebendo as \u00e1guas das chuvas da noite anterior.<\/p>\n<p><strong>CARIRI EM A\u00c7\u00c3O<\/strong><\/p>\n<p><strong>Leia mais not\u00edcias em\u00a0<a href=\"http:\/\/www.caririemacao.com\/\">caririemacao.com<\/a>, siga nossa p\u00e1gina no<a href=\"https:\/\/www.facebook.com\/CaririEmAcao\/\">\u00a0Facebook<\/a>\u00a0e\u00a0<a href=\"https:\/\/www.instagram.com\/cariri_em_acao\/?hl=pt-br\">Instagram<\/a>\u00a0veja nossas mat\u00e9rias e fotos. Voc\u00ea tamb\u00e9m pode enviar informa\u00e7\u00f5es \u00e0 Reda\u00e7\u00e3o do Portal Cariri em A\u00e7\u00e3o pelo WhatsApp (83) 9 9634.5791, (83) 9 9601-1162.<\/strong><\/p>\n","protected":false},"excerpt":{"rendered":"<p>A Prefeitura de S\u00e3o Jos\u00e9 dos Cordeiros realizou nesta quinta-feira (13) uma limpeza no a\u00e7ude p\u00fablico da cidade. O trabalho de limpeza foi realizado com&hellip; <\/p>\n","protected":false},"author":2,"featured_media":17817,"comment_status":"closed","ping_status":"closed","sticky":false,"template":"","format":"standard","meta":{"sfsi_plus_gutenberg_text_before_share":"","sfsi_plus_gutenberg_show_text_before_share":"","sfsi_plus_gutenberg_icon_type":"","sfsi_plus_gutenberg_icon_alignemt":"","sfsi_plus_gutenburg_max_per_row":"","footnotes":""},"categories":[2],"tags":[],"class_list":["post-17816","post","type-post","status-publish","format-standard","has-post-thumbnail","hentry","category-geral"],"_links":{"self":[{"href":"https:\/\/www.caririemacao.com\/1\/wp-json\/wp\/v2\/posts\/17816","targetHints":{"allow":["GET"]}}],"collection":[{"href":"https:\/\/www.caririemacao.com\/1\/wp-json\/wp\/v2\/posts"}],"about":[{"href":"https:\/\/www.caririemacao.com\/1\/wp-json\/wp\/v2\/types\/post"}],"author":[{"embeddable":true,"href":"https:\/\/www.caririemacao.com\/1\/wp-json\/wp\/v2\/users\/2"}],"replies":[{"embeddable":true,"href":"https:\/\/www.caririemacao.com\/1\/wp-json\/wp\/v2\/comments?post=17816"}],"version-history":[{"count":0,"href":"https:\/\/www.caririemacao.com\/1\/wp-json\/wp\/v2\/posts\/17816\/revisions"}],"wp:featuredmedia":[{"embeddable":true,"href":"https:\/\/www.caririemacao.com\/1\/wp-json\/wp\/v2\/media\/17817"}],"wp:attachment":[{"href":"https:\/\/www.caririemacao.com\/1\/wp-json\/wp\/v2\/media?parent=17816"}],"wp:term":[{"taxonomy":"category","embeddable":true,"href":"https:\/\/www.caririemacao.com\/1\/wp-json\/wp\/v2\/categories?post=17816"},{"taxonomy":"post_tag","embeddable":true,"href":"https:\/\/www.caririemacao.com\/1\/wp-json\/wp\/v2\/tags?post=17816"}],"curies":[{"name":"wp","href":"https:\/\/api.w.org\/{rel}","templated":true}]}}