{"id":17826,"date":"2017-04-14T14:13:57","date_gmt":"2017-04-14T17:13:57","guid":{"rendered":"http:\/\/caririemacao.com\/1\/?p=17826"},"modified":"2017-04-14T14:13:57","modified_gmt":"2017-04-14T17:13:57","slug":"deputado-defende-renovacao-de-todos-dirigentes-para-renovar-quadros-do-pt","status":"publish","type":"post","link":"https:\/\/www.caririemacao.com\/1\/2017\/04\/14\/deputado-defende-renovacao-de-todos-dirigentes-para-renovar-quadros-do-pt\/","title":{"rendered":"Deputado defende renova\u00e7\u00e3o de todos dirigentes para renovar quadros do PT"},"content":{"rendered":"<p>O deputado estadual Frei Anast\u00e1cio (PT) defendeu uma mudan\u00e7a em todos os comandos da legenda, como forma de dar in\u00edcio a um processo de renova\u00e7\u00e3o dos seus quadros. Passado o Processo Eleitoral Direto (PED), o deputado acha que o partido tem potencial na Para\u00edba para reeleger uma boa bancada de deputados estaduais, mas tem que fazer &#8220;uma autocr\u00edtica&#8221;.<\/p>\n<p>Para ele, \u00e9 hora de renovar as dire\u00e7\u00f5es municipais, estadual e nacional. &#8220;Precisamos mudar. Estou apoiando a chapa Muda PT, composta por nomes como o deputado Luiz Couto, por Giuc\u00e9lia Figueiredo, por Josenildo Feitosa e outros companheiros em n\u00edvel estadual. Acredito que precisamos fazer uma autocr\u00edtica do partido. As dire\u00e7\u00f5es que est\u00e3o a\u00ed, h\u00e1 muitos anos \u00e0 frente do PT, precisam ser mudadas&#8221;, disse.<\/p>\n<p>Para ele, o eleitor saber\u00e1 diferenciar quem est\u00e1 envolvido em algum tipo de den\u00fancia e n\u00e3o deixar\u00e1 de votar nos candidatos do Partido dos Trabalhadores. &#8220;Eu acredito que a popula\u00e7\u00e3o est\u00e1 acompanhando quem \u00e9 quem, na Assembleia Legislativa e no Congresso Nacional. O nosso mandato tem dito de que lado est\u00e1. N\u00e3o terei medo de ir para uma reelei\u00e7\u00e3o&#8221;, comentou.<\/p>\n<p>Anast\u00e1cio acha que o deputado federal Luiz Couto deve ir para reelei\u00e7\u00e3o e que tem chances reais de voltar \u00e0 Assembleia Legislativa. &#8220;Acredito que os trabalhadores e trabalhadoras do nosso estado reconhecer\u00e3o a atua\u00e7\u00e3o do nosso mandato na Assembleia Legislativa&#8221;, disse.<\/p>\n<p><strong>CARIRI EM A\u00c7\u00c3O<\/strong><\/p>\n<p>Com Portal Correio\/ Foto: Reprodu\u00e7\u00e3o<\/p>\n<p><strong>Leia mais not\u00edcias em\u00a0<a href=\"http:\/\/www.caririemacao.com\/\">caririemacao.com<\/a>, siga nossa p\u00e1gina no<a href=\"https:\/\/www.facebook.com\/CaririEmAcao\/\">\u00a0Facebook<\/a>\u00a0e\u00a0<a href=\"https:\/\/www.instagram.com\/cariri_em_acao\/?hl=pt-br\">Instagram<\/a>\u00a0veja nossas mat\u00e9rias e fotos. Voc\u00ea tamb\u00e9m pode enviar informa\u00e7\u00f5es \u00e0 Reda\u00e7\u00e3o do Portal Cariri em A\u00e7\u00e3o pelo WhatsApp (83) 9 9634.5791, (83) 9 9601-1162.<\/strong><\/p>\n","protected":false},"excerpt":{"rendered":"<p>O deputado estadual Frei Anast\u00e1cio (PT) defendeu uma mudan\u00e7a em todos os comandos da legenda, como forma de dar in\u00edcio a um processo de renova\u00e7\u00e3o&hellip; <\/p>\n","protected":false},"author":2,"featured_media":17827,"comment_status":"closed","ping_status":"closed","sticky":false,"template":"","format":"standard","meta":{"sfsi_plus_gutenberg_text_before_share":"","sfsi_plus_gutenberg_show_text_before_share":"","sfsi_plus_gutenberg_icon_type":"","sfsi_plus_gutenberg_icon_alignemt":"","sfsi_plus_gutenburg_max_per_row":"","footnotes":""},"categories":[11],"tags":[],"class_list":["post-17826","post","type-post","status-publish","format-standard","has-post-thumbnail","hentry","category-politica"],"_links":{"self":[{"href":"https:\/\/www.caririemacao.com\/1\/wp-json\/wp\/v2\/posts\/17826","targetHints":{"allow":["GET"]}}],"collection":[{"href":"https:\/\/www.caririemacao.com\/1\/wp-json\/wp\/v2\/posts"}],"about":[{"href":"https:\/\/www.caririemacao.com\/1\/wp-json\/wp\/v2\/types\/post"}],"author":[{"embeddable":true,"href":"https:\/\/www.caririemacao.com\/1\/wp-json\/wp\/v2\/users\/2"}],"replies":[{"embeddable":true,"href":"https:\/\/www.caririemacao.com\/1\/wp-json\/wp\/v2\/comments?post=17826"}],"version-history":[{"count":0,"href":"https:\/\/www.caririemacao.com\/1\/wp-json\/wp\/v2\/posts\/17826\/revisions"}],"wp:featuredmedia":[{"embeddable":true,"href":"https:\/\/www.caririemacao.com\/1\/wp-json\/wp\/v2\/media\/17827"}],"wp:attachment":[{"href":"https:\/\/www.caririemacao.com\/1\/wp-json\/wp\/v2\/media?parent=17826"}],"wp:term":[{"taxonomy":"category","embeddable":true,"href":"https:\/\/www.caririemacao.com\/1\/wp-json\/wp\/v2\/categories?post=17826"},{"taxonomy":"post_tag","embeddable":true,"href":"https:\/\/www.caririemacao.com\/1\/wp-json\/wp\/v2\/tags?post=17826"}],"curies":[{"name":"wp","href":"https:\/\/api.w.org\/{rel}","templated":true}]}}