{"id":17833,"date":"2017-04-14T23:54:52","date_gmt":"2017-04-15T02:54:52","guid":{"rendered":"http:\/\/caririemacao.com\/1\/?p=17833"},"modified":"2017-04-14T23:54:52","modified_gmt":"2017-04-15T02:54:52","slug":"secretaria-de-saude-de-sao-sebastiao-do-umbuzeiro-promove-palestra-sobre-o-bullying","status":"publish","type":"post","link":"https:\/\/www.caririemacao.com\/1\/2017\/04\/14\/secretaria-de-saude-de-sao-sebastiao-do-umbuzeiro-promove-palestra-sobre-o-bullying\/","title":{"rendered":"Secretaria de Sa\u00fade de S\u00e3o Sebasti\u00e3o do Umbuzeiro promove palestra sobre o &#8220;bullying&#8221;"},"content":{"rendered":"<p>A Secretaria de Sa\u00fade S\u00e3o Sebasti\u00e3o do Umbuzeiro, atrav\u00e9s do NASF, realizou nesta quinta-feira (13), palestra na Escola Pedro Pedrosa de Sousa sobre &#8220;bullying&#8221;, com o intuito de levar orienta\u00e7\u00e3o aos alunos e tamb\u00e9m como orienta\u00e7\u00e3o e preven\u00e7\u00e3o sobre o tema que infelizmente se tornou um problema mundial.<\/p>\n<p>O bullying se refere a todas as formas e atitudes agressivas, verbais ou f\u00edsicas, intencionais e repetitivas que ocorrem sem motiva\u00e7\u00e3o evidente, causando dor e ang\u00fastia na pessoa agredida, podendo ocorrer em praticamente qualquer contexto no qual as pessoas interajam, tais como escola, universidades, fam\u00edlia, mas pode tamb\u00e9m ocorrer em lugar de trabalho e entre vizinhos.<\/p>\n<p>Est\u00e3o inclusos no &#8220;bullying&#8221; os apelidos pejorativos criados para humilhar os colegas, podendo causar problemas de aprendizagem na crian\u00e7a, na autoestima, receio em ir \u00e0 escola, mudan\u00e7as de humor, etc. As crian\u00e7as afetadas passam a experimentar sentimentos de ansiedade e medo que poder\u00e3o acarretar traumas ao longo da vida. Poder\u00e3o quando adultos apresentar sentimentos negativos, especialmente com baixa autoestima, tornado-se indiv\u00edduos com s\u00e9rios problemas de relacionamentos.<\/p>\n<p>Segundo o secret\u00e1rio de sa\u00fade, M\u00e1rcio Neves, a \u00fanica maneira de se combater ao bullying \u00e9 atrav\u00e9s da coopera\u00e7\u00e3o de todos envolvidos: professores, funcion\u00e1rios, alunos e pais que contribuir\u00e3o positivamente para a forma\u00e7\u00e3o de costumes que reprimam essa forma de viol\u00eancia escolar.<\/p>\n<p><strong>CARIRI EM A\u00c7\u00c3O<\/strong><\/p>\n<p>Leia mais not\u00edcias em\u00a0<a href=\"http:\/\/www.caririemacao.com\/\">caririemacao.com<\/a>, siga nossa p\u00e1gina no<a href=\"https:\/\/www.facebook.com\/CaririEmAcao\/\">\u00a0Facebook<\/a>\u00a0e\u00a0<a href=\"https:\/\/www.instagram.com\/cariri_em_acao\/?hl=pt-br\">Instagram<\/a>\u00a0veja nossas mat\u00e9rias e fotos. Voc\u00ea tamb\u00e9m pode enviar informa\u00e7\u00f5es \u00e0 Reda\u00e7\u00e3o do Portal Cariri em A\u00e7\u00e3o pelo WhatsApp (83) 9 9634.5791, (83) 9 9601-1162.<\/p>\n","protected":false},"excerpt":{"rendered":"<p>A Secretaria de Sa\u00fade S\u00e3o Sebasti\u00e3o do Umbuzeiro, atrav\u00e9s do NASF, realizou nesta quinta-feira (13), palestra na Escola Pedro Pedrosa de Sousa sobre &#8220;bullying&#8221;, com&hellip; <\/p>\n","protected":false},"author":2,"featured_media":17834,"comment_status":"closed","ping_status":"closed","sticky":false,"template":"","format":"standard","meta":{"sfsi_plus_gutenberg_text_before_share":"","sfsi_plus_gutenberg_show_text_before_share":"","sfsi_plus_gutenberg_icon_type":"","sfsi_plus_gutenberg_icon_alignemt":"","sfsi_plus_gutenburg_max_per_row":"","footnotes":""},"categories":[6],"tags":[],"class_list":["post-17833","post","type-post","status-publish","format-standard","has-post-thumbnail","hentry","category-cidades"],"_links":{"self":[{"href":"https:\/\/www.caririemacao.com\/1\/wp-json\/wp\/v2\/posts\/17833","targetHints":{"allow":["GET"]}}],"collection":[{"href":"https:\/\/www.caririemacao.com\/1\/wp-json\/wp\/v2\/posts"}],"about":[{"href":"https:\/\/www.caririemacao.com\/1\/wp-json\/wp\/v2\/types\/post"}],"author":[{"embeddable":true,"href":"https:\/\/www.caririemacao.com\/1\/wp-json\/wp\/v2\/users\/2"}],"replies":[{"embeddable":true,"href":"https:\/\/www.caririemacao.com\/1\/wp-json\/wp\/v2\/comments?post=17833"}],"version-history":[{"count":0,"href":"https:\/\/www.caririemacao.com\/1\/wp-json\/wp\/v2\/posts\/17833\/revisions"}],"wp:featuredmedia":[{"embeddable":true,"href":"https:\/\/www.caririemacao.com\/1\/wp-json\/wp\/v2\/media\/17834"}],"wp:attachment":[{"href":"https:\/\/www.caririemacao.com\/1\/wp-json\/wp\/v2\/media?parent=17833"}],"wp:term":[{"taxonomy":"category","embeddable":true,"href":"https:\/\/www.caririemacao.com\/1\/wp-json\/wp\/v2\/categories?post=17833"},{"taxonomy":"post_tag","embeddable":true,"href":"https:\/\/www.caririemacao.com\/1\/wp-json\/wp\/v2\/tags?post=17833"}],"curies":[{"name":"wp","href":"https:\/\/api.w.org\/{rel}","templated":true}]}}