{"id":178351,"date":"2020-07-11T09:48:59","date_gmt":"2020-07-11T12:48:59","guid":{"rendered":"https:\/\/www.caririemacao.com\/1\/?p=178351"},"modified":"2020-07-11T09:48:59","modified_gmt":"2020-07-11T12:48:59","slug":"ufpb-reajusta-valores-de-auxilios-para-estudantes-e-cria-novo-beneficio","status":"publish","type":"post","link":"https:\/\/www.caririemacao.com\/1\/2020\/07\/11\/ufpb-reajusta-valores-de-auxilios-para-estudantes-e-cria-novo-beneficio\/","title":{"rendered":"UFPB reajusta valores de aux\u00edlios para estudantes e cria novo benef\u00edcio"},"content":{"rendered":"\n<p>A Universidade Federal da Para\u00edba (UFPB) reajustou, na quarta-feira (8), os valores dos aux\u00edlios alimenta\u00e7\u00e3o e moradia, concedidos aos estudantes assistidos pela Pr\u00f3-reitoria de Assist\u00eancia e Promo\u00e7\u00e3o ao Estudante (Prape), e criou o aux\u00edlio resid\u00eancia universit\u00e1ria, que antes era uma ajuda para alimenta\u00e7\u00e3o nos finais de semana e feriados.<\/p>\n\n\n\n<p>De acordo com a institui\u00e7\u00e3o, o objetivo da iniciativa \u00e9 ampliar as condi\u00e7\u00f5es de perman\u00eancia de mais de 4 mil estudantes na federal paraibana. Os novos valores ser\u00e3o pagos a partir do m\u00eas de agosto.<\/p>\n\n\n\n<p>Segundo o pr\u00f3-reitor de assist\u00eancia e promo\u00e7\u00e3o ao estudante da UFPB, Jo\u00e3o Wandenberg, a medida foi tomada mediante o descontingenciamento dos recursos do Plano Nacional de Assist\u00eancia Estudantil (Pnaes) do Minist\u00e9rio da Educa\u00e7\u00e3o (MEC).<\/p>\n\n\n\n<p>Para normatizar essas mudan\u00e7as, a UFPB publicou, na quarta-feira (8), tr\u00eas portarias que estabelecem\u00a0o aux\u00edlio resid\u00eancia universit\u00e1ria,\u00a0os crit\u00e9rios para c\u00e1lculo do aux\u00edlio alimenta\u00e7\u00e3o\u00a0e os\u00a0novos valores dos aux\u00edlios.<\/p>\n\n\n\n<p>\u201cN\u00f3s fizemos um estudo, realizamos reuni\u00f5es virtuais com a representa\u00e7\u00e3o estudantil e vimos todas as condi\u00e7\u00f5es. Ampliamos o aux\u00edlio resid\u00eancia universit\u00e1ria, que era s\u00f3 para final de semana e feriado, porque o Pnaes tamb\u00e9m estabelece a quest\u00e3o da sa\u00fade, para que os alunos possam adquirir material de higiene. Al\u00e9m disso, o aux\u00edlio alimenta\u00e7\u00e3o h\u00e1 muito tempo n\u00e3o tinha um reajuste\u201d, explicou Jo\u00e3o Wandenberg.<\/p>\n\n\n\n<p>De acordo com o pr\u00f3-reitor, existe grande necessidade de assist\u00eancia para os estudantes, sobretudo no contexto da pandemia da Covid-19. \u201cA necessidade e urg\u00eancia de reajuste cresceram ainda mais em decorr\u00eancia do momento que passamos, com a pandemia, at\u00e9 por que os nossos alunos em vulnerabilidade n\u00e3o t\u00eam como contar com apoio maior dos familiares agora\u201d.<\/p>\n\n\n\n<p>Segundo a UFPB, a\u00a0portaria que amplia o conceito de resid\u00eancia universit\u00e1ria\u00a0tem o intuito de alinhar as necessidades dos discentes para perman\u00eancia na UFPB com as \u00e1reas de abrang\u00eancia do Pnaes. Desse modo, o aux\u00edlio resid\u00eancia universit\u00e1ria, al\u00e9m de abranger os conceitos de alimenta\u00e7\u00e3o e de moradia estudantil, passa a contemplar as \u00e1reas de aten\u00e7\u00e3o \u00e0 sa\u00fade e de apoio pedag\u00f3gico na forma de um complemento no valor da presta\u00e7\u00e3o pecuni\u00e1ria recebida pelos residentes.<\/p>\n\n\n\n<p>J\u00e1 a\u00a0portaria que disciplina os crit\u00e9rios para c\u00e1lculo do aux\u00edlio alimenta\u00e7\u00e3o\u00a0e outras presta\u00e7\u00f5es pecuni\u00e1rias de id\u00eantica finalidade padroniza os valores dos aux\u00edlios vigentes, bem como disciplina o c\u00e1lculo para presta\u00e7\u00f5es pecuni\u00e1rias de car\u00e1ter alimentar que porventura venham a surgir.<\/p>\n\n\n\n<p>Os estudantes assistidos pela Prape receberam esta semana os aux\u00edlios referentes ao m\u00eas de julho. At\u00e9 o final deste m\u00eas, a UFPB deve divulgar um edital de sele\u00e7\u00e3o para aux\u00edlios estudantis, com vagas e cadastro de reserva. \u201cO documento est\u00e1 sob an\u00e1lise da Procuradoria Federal junto \u00e0 UFPB\u201d, disse o pr\u00f3-reitor.<\/p>\n\n\n\n<figure class=\"wp-block-image\"><img decoding=\"async\" data-src=\"https:\/\/s2.glbimg.com\/_0sDrNHKntczZcA6IMMPbJlHP3o=\/0x0:647x288\/984x0\/smart\/filters:strip_icc()\/i.s3.glbimg.com\/v1\/AUTH_59edd422c0c84a879bd37670ae4f538a\/internal_photos\/bs\/2020\/s\/9\/wguykkRBK2RZAr917Arw\/tabela.jpg\" alt=\"Novos valores dos aux\u00edlios estudantis da UFPB  \u2014 Foto: Reprodu\u00e7\u00e3o\/UFPB\" src=\"data:image\/svg+xml;base64,PHN2ZyB3aWR0aD0iMSIgaGVpZ2h0PSIxIiB4bWxucz0iaHR0cDovL3d3dy53My5vcmcvMjAwMC9zdmciPjwvc3ZnPg==\" class=\"lazyload\" \/><\/figure>\n","protected":false},"excerpt":{"rendered":"<p>A Universidade Federal da Para\u00edba (UFPB) reajustou, na quarta-feira (8), os valores dos aux\u00edlios alimenta\u00e7\u00e3o e moradia, concedidos aos estudantes assistidos pela Pr\u00f3-reitoria de Assist\u00eancia&hellip; <\/p>\n","protected":false},"author":1,"featured_media":178352,"comment_status":"closed","ping_status":"closed","sticky":false,"template":"","format":"standard","meta":{"sfsi_plus_gutenberg_text_before_share":"","sfsi_plus_gutenberg_show_text_before_share":"","sfsi_plus_gutenberg_icon_type":"","sfsi_plus_gutenberg_icon_alignemt":"","sfsi_plus_gutenburg_max_per_row":"","footnotes":""},"categories":[14],"tags":[],"class_list":["post-178351","post","type-post","status-publish","format-standard","has-post-thumbnail","hentry","category-educacao"],"_links":{"self":[{"href":"https:\/\/www.caririemacao.com\/1\/wp-json\/wp\/v2\/posts\/178351","targetHints":{"allow":["GET"]}}],"collection":[{"href":"https:\/\/www.caririemacao.com\/1\/wp-json\/wp\/v2\/posts"}],"about":[{"href":"https:\/\/www.caririemacao.com\/1\/wp-json\/wp\/v2\/types\/post"}],"author":[{"embeddable":true,"href":"https:\/\/www.caririemacao.com\/1\/wp-json\/wp\/v2\/users\/1"}],"replies":[{"embeddable":true,"href":"https:\/\/www.caririemacao.com\/1\/wp-json\/wp\/v2\/comments?post=178351"}],"version-history":[{"count":1,"href":"https:\/\/www.caririemacao.com\/1\/wp-json\/wp\/v2\/posts\/178351\/revisions"}],"predecessor-version":[{"id":178353,"href":"https:\/\/www.caririemacao.com\/1\/wp-json\/wp\/v2\/posts\/178351\/revisions\/178353"}],"wp:featuredmedia":[{"embeddable":true,"href":"https:\/\/www.caririemacao.com\/1\/wp-json\/wp\/v2\/media\/178352"}],"wp:attachment":[{"href":"https:\/\/www.caririemacao.com\/1\/wp-json\/wp\/v2\/media?parent=178351"}],"wp:term":[{"taxonomy":"category","embeddable":true,"href":"https:\/\/www.caririemacao.com\/1\/wp-json\/wp\/v2\/categories?post=178351"},{"taxonomy":"post_tag","embeddable":true,"href":"https:\/\/www.caririemacao.com\/1\/wp-json\/wp\/v2\/tags?post=178351"}],"curies":[{"name":"wp","href":"https:\/\/api.w.org\/{rel}","templated":true}]}}