{"id":178354,"date":"2020-07-11T09:53:05","date_gmt":"2020-07-11T12:53:05","guid":{"rendered":"https:\/\/www.caririemacao.com\/1\/?p=178354"},"modified":"2020-07-11T09:53:05","modified_gmt":"2020-07-11T12:53:05","slug":"homem-e-preso-suspeito-de-matar-jovem-no-litoral-de-sp","status":"publish","type":"post","link":"https:\/\/www.caririemacao.com\/1\/2020\/07\/11\/homem-e-preso-suspeito-de-matar-jovem-no-litoral-de-sp\/","title":{"rendered":"Homem \u00e9 preso suspeito de matar jovem no litoral de SP"},"content":{"rendered":"\n<p>Um homem de 37 anos foi preso nesta sexta-feira (11) em Ilhabela suspeito de matar a jovem Julia Rosemberg, que foi\u00a0encontrada morta depois de sair de casa para uma trilha em S\u00e3o Sebasti\u00e3o. Segundo a pol\u00edcia, ele teria tentado abusar de uma jovem de 23 anos, mas foi flagrado e preso.<\/p>\n\n\n\n<p>Segundo a Pol\u00edcia Civil, o homem abordou a jovem na regi\u00e3o do bairro Barra Velha e teria tentado agarra-la. O namorado da v\u00edtima flagrou a a\u00e7\u00e3o e acionou a Pol\u00edcia Militar que prendeu o homem por importuna\u00e7\u00e3o sexual.<\/p>\n\n\n\n<p>Na delegacia, foram apreendidos com ele um celular e uma pe\u00e7a feminina. Em depoimento o homem contou que esteve em Maresias no dia do crime contra Julia e foram recolhidas amostras de tecido para a per\u00edcia comprar com material apreendido no local do crime, em S\u00e3o Sebasti\u00e3o.<\/p>\n\n\n\n<p>De acordo com a pol\u00edcia, a importuna\u00e7\u00e3o e a rela\u00e7\u00e3o dele com Maresias levantaram a suspeita do envolvimento, mas v\u00e3o aguardar a an\u00e1lise de laborat\u00f3rio para confirmar. O caso segue sendo investigado.<\/p>\n\n\n\n<h2 class=\"wp-block-heading\">O crime<\/h2>\n\n\n\n<p>Julia desapareceu depois de sair para uma trilha no domingo (5) entre a regi\u00e3o de Pa\u00faba, onde morava, e S\u00e3o Sebasti\u00e3o. O corpo dela foi encontrado na segunda-feira em uma cova em uma \u00e1rea de mata da trilha.<\/p>\n\n\n\n<p>Segundo a pol\u00edcia, a jovem de 21 anos foi estrangulada com a al\u00e7a de uma pochete que usava. Celular, documentos e os t\u00eanis de Julia\u00a0foram levados e, por isso, o caso foi registrado como latroc\u00ednio.<\/p>\n\n\n\n<p>Al\u00e9m do homem preso em Maresias, a pol\u00edcia faz buscas por um homem que foi flagrado por imagens de c\u00e2meras de seguran\u00e7a pr\u00f3ximo a Julia enquanto caminhava.<\/p>\n\n\n\n<p>Com G1<\/p>\n","protected":false},"excerpt":{"rendered":"<p>Um homem de 37 anos foi preso nesta sexta-feira (11) em Ilhabela suspeito de matar a jovem Julia Rosemberg, que foi\u00a0encontrada morta depois de sair&hellip; <\/p>\n","protected":false},"author":1,"featured_media":178355,"comment_status":"closed","ping_status":"closed","sticky":false,"template":"","format":"standard","meta":{"sfsi_plus_gutenberg_text_before_share":"","sfsi_plus_gutenberg_show_text_before_share":"","sfsi_plus_gutenberg_icon_type":"","sfsi_plus_gutenberg_icon_alignemt":"","sfsi_plus_gutenburg_max_per_row":"","footnotes":""},"categories":[50,12],"tags":[],"class_list":["post-178354","post","type-post","status-publish","format-standard","has-post-thumbnail","hentry","category-destaque","category-policia"],"_links":{"self":[{"href":"https:\/\/www.caririemacao.com\/1\/wp-json\/wp\/v2\/posts\/178354","targetHints":{"allow":["GET"]}}],"collection":[{"href":"https:\/\/www.caririemacao.com\/1\/wp-json\/wp\/v2\/posts"}],"about":[{"href":"https:\/\/www.caririemacao.com\/1\/wp-json\/wp\/v2\/types\/post"}],"author":[{"embeddable":true,"href":"https:\/\/www.caririemacao.com\/1\/wp-json\/wp\/v2\/users\/1"}],"replies":[{"embeddable":true,"href":"https:\/\/www.caririemacao.com\/1\/wp-json\/wp\/v2\/comments?post=178354"}],"version-history":[{"count":1,"href":"https:\/\/www.caririemacao.com\/1\/wp-json\/wp\/v2\/posts\/178354\/revisions"}],"predecessor-version":[{"id":178356,"href":"https:\/\/www.caririemacao.com\/1\/wp-json\/wp\/v2\/posts\/178354\/revisions\/178356"}],"wp:featuredmedia":[{"embeddable":true,"href":"https:\/\/www.caririemacao.com\/1\/wp-json\/wp\/v2\/media\/178355"}],"wp:attachment":[{"href":"https:\/\/www.caririemacao.com\/1\/wp-json\/wp\/v2\/media?parent=178354"}],"wp:term":[{"taxonomy":"category","embeddable":true,"href":"https:\/\/www.caririemacao.com\/1\/wp-json\/wp\/v2\/categories?post=178354"},{"taxonomy":"post_tag","embeddable":true,"href":"https:\/\/www.caririemacao.com\/1\/wp-json\/wp\/v2\/tags?post=178354"}],"curies":[{"name":"wp","href":"https:\/\/api.w.org\/{rel}","templated":true}]}}