{"id":178357,"date":"2020-07-11T09:59:37","date_gmt":"2020-07-11T12:59:37","guid":{"rendered":"https:\/\/www.caririemacao.com\/1\/?p=178357"},"modified":"2020-07-11T09:59:37","modified_gmt":"2020-07-11T12:59:37","slug":"naja-que-picou-estudante-vale-ate-r-20-mil-no-comercio-ilegal-diz-policia","status":"publish","type":"post","link":"https:\/\/www.caririemacao.com\/1\/2020\/07\/11\/naja-que-picou-estudante-vale-ate-r-20-mil-no-comercio-ilegal-diz-policia\/","title":{"rendered":"Naja que picou estudante vale at\u00e9 R$ 20 mil no com\u00e9rcio ilegal, diz pol\u00edcia"},"content":{"rendered":"\n<p><br>A Pol\u00edcia Civil do Distrito Federal estima que a cobra da esp\u00e9cie naja,\u00a0que picou o estudante de medicina veterin\u00e1ria Pedro Henrique Santos Krambeck Lehmkul,\u00a0na \u00faltima ter\u00e7a-feira (7), vale at\u00e9 R$ 20 mil, no com\u00e9rcio ilegal. A informa\u00e7\u00e3o \u00e9 do delegado Jonatas Silva, da 14\u00aa Delegacia de Pol\u00edcia, do Gama, que investiga o crime de tr\u00e1fico de animais.<\/p>\n\n\n\n<p>A cobra, considerada uma das mais venenosas do mundo, \u00e9 origin\u00e1ria de regi\u00f5es da \u00c1frica e da \u00c1sia. Ela foi abandonada perto de um shopping, no Lago Sul, na noite de quarta-feira (8) e est\u00e1 sob os cuidados do Zool\u00f3gico de Bras\u00edlia, assim como outras\u00a016 serpentes apreendidas em um haras,\u00a0na regi\u00e3o de Planaltina.<\/p>\n\n\n\n<p>Nesta sexta (10), o\u00a0Instituto Brasileiro do Meio Ambiente e dos Recursos Naturais Renov\u00e1veis (Ibama)\u00a0multou Pedro Henrique em R$ 2 mil, por criar a naja sem autoriza\u00e7\u00e3o. Segundo a pol\u00edcia, as investiga\u00e7\u00f5es apontam que ele \u00e9 o dono da naja e das outras 16 serpentes.<\/p>\n\n\n\n<p>De acordo com o Ibama, Pedro Henrique Santos Krambeck Lehmkul mantinha a naja em ambiente dom\u00e9stico, o que \u00e9 proibido. O instituto informou \u00e0 reportagem que o \u00f3rg\u00e3o ainda avalia quem ser\u00e1 penalizado pelas 16 cobras que foram deixadas em Planaltina.<\/p>\n\n\n\n<h2 class=\"wp-block-heading\">Jovens de classe m\u00e9dia alta<\/h2>\n\n\n\n<figure class=\"wp-block-image\"><img decoding=\"async\" data-src=\"https:\/\/s04.video.glbimg.com\/x240\/8689171.jpg\" alt=\"Acidente com cobra Naja pode revelar esquema de tr\u00e1fico: o que j\u00e1 sabemos\" title=\"Acidente com cobra Naja pode revelar esquema de tr\u00e1fico: o que j\u00e1 sabemos\" src=\"data:image\/svg+xml;base64,PHN2ZyB3aWR0aD0iMSIgaGVpZ2h0PSIxIiB4bWxucz0iaHR0cDovL3d3dy53My5vcmcvMjAwMC9zdmciPjwvc3ZnPg==\" class=\"lazyload\" \/><\/figure>\n\n\n\n<p>Acidente com cobra Naja pode revelar esquema de tr\u00e1fico: o que j\u00e1 sabemos<\/p>\n\n\n\n<p>Conforme a Pol\u00edcia Civil, pelo menos tr\u00eas estudantes de medicina veterin\u00e1ria, colegas de Pedro Henrique na institui\u00e7\u00e3o de ensino privado Faciplac, no Gama, foram ouvidos pela corpora\u00e7\u00e3o. Um deles, Gabriel Ribeiro \u2013 que segundo a investiga\u00e7\u00e3o foi quem abandonou a cobra ap\u00f3s o acidente \u2013 &#8220;preferiu ficar em sil\u00eancio&#8221;, disseram os policiais.<\/p>\n\n\n\n<p>Os jovens s\u00e3o de classe m\u00e9dia e classe m\u00e9dia alta e &#8220;se identificam em estudar e fazer pesquisas com animais ex\u00f3ticos&#8221;, aponta a investiga\u00e7\u00e3o.<\/p>\n\n\n\n<blockquote class=\"wp-block-quote is-layout-flow wp-block-quote-is-layout-flow\"><p>&#8220;A suspeita \u00e9 que esse estudantes come\u00e7aram a comercializar esses animais ex\u00f3ticos, que s\u00e3o caros e raros. Sabemos que envolve muito dinheiro no com\u00e9rcio ilegal&#8221;, afirma a pol\u00edcia.<\/p><\/blockquote>\n\n\n\n<p>Em nota, a Faciplac disse que &#8220;n\u00e3o tinha conhecimento da posse de nenhuma cobra ou outros tipos de animais silvestres entre os alunos&#8221;.<\/p>\n\n\n\n<p>Na pr\u00f3xima semana, o delegado pretende falar com os respons\u00e1veis pela faculdade e tamb\u00e9m com a fam\u00edlia de Pedro Henrique. O padastro do estudante, Clovis Eduardo Condi, \u00e9 tenente-coronel da Pol\u00edcia Militar.<\/p>\n\n\n\n<figure class=\"wp-block-image\"><img decoding=\"async\" data-src=\"https:\/\/s2.glbimg.com\/Vyv25VStvBccBIk0i0lxzUaf9V0=\/0x0:1280x960\/984x0\/smart\/filters:strip_icc()\/i.s3.glbimg.com\/v1\/AUTH_59edd422c0c84a879bd37670ae4f538a\/internal_photos\/bs\/2020\/B\/2\/sBFKbyRuGyTj18kCHGEA\/cobra-2.jpg\" alt=\"Uma das 16 cobras apreendidas em um haras, no DF, ap\u00f3s estudante de veterin\u00e1ria ficar em coma por picada de uma Naja \u2014 Foto: Afonso Ferreira\/ G1\" src=\"data:image\/svg+xml;base64,PHN2ZyB3aWR0aD0iMSIgaGVpZ2h0PSIxIiB4bWxucz0iaHR0cDovL3d3dy53My5vcmcvMjAwMC9zdmciPjwvc3ZnPg==\" class=\"lazyload\" \/><\/figure>\n\n\n\n<p>Uma das 16 cobras apreendidas em um haras, no DF, ap\u00f3s estudante de veterin\u00e1ria ficar em coma por picada de uma Naja \u2014 Foto: Afonso Ferreira\/ G1<\/p>\n\n\n\n<h2 class=\"wp-block-heading\">De onde vieram as cobras?<\/h2>\n\n\n\n<p>Na tarde quinta, o Batalh\u00e3o de Pol\u00edcia Militar Ambiental (BPMA) aprendeu dez serpentes ex\u00f3ticas \u2013 origin\u00e1rias de outros pa\u00edses \u2013 e outras seis cobras silvestres brasileiras, em um haras, na regi\u00e3o de Planaltina. De acordo com a pol\u00edcia, Pedro Henrique Krambeck \u00e9 o propriet\u00e1rio das serpentes.<\/p>\n\n\n\n<p>Um dos jovens ouvidos pelos policiais contou que as 16 cobras foram deixadas no haras, por um amigo de Pedro Henrique, ap\u00f3s o acidente. O jovem afirmou que n\u00e3o sabia da compra e venda de animais.<\/p>\n\n\n\n<p>A investiga\u00e7\u00e3o busca descobrir como o estudante de veterin\u00e1ria conseguiu os animais. Os investigadores n\u00e3o descartam a possibilidade deles terem reproduzido em cativeiro, no Brasil.<\/p>\n\n\n\n<blockquote class=\"wp-block-quote is-layout-flow wp-block-quote-is-layout-flow\"><p>&#8220;A origem pode ser nacional ou internacional&#8221;, aponta a pol\u00edcia.<\/p><\/blockquote>\n\n\n\n<h2 class=\"wp-block-heading\">Como est\u00e1 Pedro Henrique Krambeck Lehmkul<\/h2>\n\n\n\n<figure class=\"wp-block-image\"><img decoding=\"async\" data-src=\"https:\/\/s2.glbimg.com\/g03xHolz24sdp-wHl6aOPXpAwuQ=\/0x0:1920x1080\/984x0\/smart\/filters:strip_icc()\/i.s3.glbimg.com\/v1\/AUTH_59edd422c0c84a879bd37670ae4f538a\/internal_photos\/bs\/2020\/1\/R\/tHFwGMStCtqD4i8c9pfw\/a0545-g-bddf-limpo-09072020-frame-246231.jpeg\" alt=\"Pedro Henrique Santos Krambeck Lehmkul, de 22 anos, foi picada por uma cobra da esp\u00e9cie Naja, no DF \u2014 Foto: Arquivo pessoal\" src=\"data:image\/svg+xml;base64,PHN2ZyB3aWR0aD0iMSIgaGVpZ2h0PSIxIiB4bWxucz0iaHR0cDovL3d3dy53My5vcmcvMjAwMC9zdmciPjwvc3ZnPg==\" class=\"lazyload\" \/><\/figure>\n\n\n\n<p>Pedro Henrique Santos Krambeck Lehmkul, de 22 anos, foi picada por uma cobra da esp\u00e9cie Naja, no DF \u2014 Foto: Arquivo pessoal<\/p>\n\n\n\n<p>Pedro Henrique Santos Krambeck Lehmkul est\u00e1 internado em um hospital particular e deve ter alta da UTI neste s\u00e1bado (11). Ele foi internado, em estado grave, na noite de ter\u00e7a-feira (7) e ficou em coma at\u00e9 a tarde de quinta-feira (9).<\/p>\n\n\n\n<p>No fim da tarde de quinta, o jovem despertou do coma e agradeceu a equipe m\u00e9dica, segundo amigos. O estudante precisou ser medicado com um soro antiof\u00eddico que s\u00f3 foi encontrado no\u00a0Instituto Butantan, em S\u00e3o Paulo, e disponibilizado para a fam\u00edlia.<\/p>\n\n\n\n<p>Os pais de Pedro Henrique chegaram a importar 10 doses do soro antiof\u00eddico dos Estados Unidos. A fam\u00edlia contou \u00e0 reportagem que n\u00e3o foi necess\u00e1rio usar a medica\u00e7\u00e3o, que ser\u00e1 doada ao Instituto Butantan.<\/p>\n\n\n\n<p>O\u00a0<strong>G1\u00a0<\/strong>perguntou para a Pol\u00edcia Civil, onde ocorreu o acidente com Pedro Henrique, que mora na regi\u00e3o do Guar\u00e1, mas foi internado em um hospital do Gama \u2013 a uma dist\u00e2ncia de cerca de 30 quil\u00f4metros \u2013 no entanto, a corpora\u00e7\u00e3o afirmou que &#8220;n\u00e3o sabe at\u00e9 o momento&#8221;.<\/p>\n\n\n\n<p>Com G1<\/p>\n","protected":false},"excerpt":{"rendered":"<p>A Pol\u00edcia Civil do Distrito Federal estima que a cobra da esp\u00e9cie naja,\u00a0que picou o estudante de medicina veterin\u00e1ria Pedro Henrique Santos Krambeck Lehmkul,\u00a0na \u00faltima&hellip; <\/p>\n","protected":false},"author":1,"featured_media":178358,"comment_status":"closed","ping_status":"closed","sticky":false,"template":"","format":"standard","meta":{"sfsi_plus_gutenberg_text_before_share":"","sfsi_plus_gutenberg_show_text_before_share":"","sfsi_plus_gutenberg_icon_type":"","sfsi_plus_gutenberg_icon_alignemt":"","sfsi_plus_gutenburg_max_per_row":"","footnotes":""},"categories":[2],"tags":[],"class_list":["post-178357","post","type-post","status-publish","format-standard","has-post-thumbnail","hentry","category-geral"],"_links":{"self":[{"href":"https:\/\/www.caririemacao.com\/1\/wp-json\/wp\/v2\/posts\/178357","targetHints":{"allow":["GET"]}}],"collection":[{"href":"https:\/\/www.caririemacao.com\/1\/wp-json\/wp\/v2\/posts"}],"about":[{"href":"https:\/\/www.caririemacao.com\/1\/wp-json\/wp\/v2\/types\/post"}],"author":[{"embeddable":true,"href":"https:\/\/www.caririemacao.com\/1\/wp-json\/wp\/v2\/users\/1"}],"replies":[{"embeddable":true,"href":"https:\/\/www.caririemacao.com\/1\/wp-json\/wp\/v2\/comments?post=178357"}],"version-history":[{"count":1,"href":"https:\/\/www.caririemacao.com\/1\/wp-json\/wp\/v2\/posts\/178357\/revisions"}],"predecessor-version":[{"id":178359,"href":"https:\/\/www.caririemacao.com\/1\/wp-json\/wp\/v2\/posts\/178357\/revisions\/178359"}],"wp:featuredmedia":[{"embeddable":true,"href":"https:\/\/www.caririemacao.com\/1\/wp-json\/wp\/v2\/media\/178358"}],"wp:attachment":[{"href":"https:\/\/www.caririemacao.com\/1\/wp-json\/wp\/v2\/media?parent=178357"}],"wp:term":[{"taxonomy":"category","embeddable":true,"href":"https:\/\/www.caririemacao.com\/1\/wp-json\/wp\/v2\/categories?post=178357"},{"taxonomy":"post_tag","embeddable":true,"href":"https:\/\/www.caririemacao.com\/1\/wp-json\/wp\/v2\/tags?post=178357"}],"curies":[{"name":"wp","href":"https:\/\/api.w.org\/{rel}","templated":true}]}}