{"id":17838,"date":"2017-04-15T20:17:25","date_gmt":"2017-04-15T23:17:25","guid":{"rendered":"http:\/\/caririemacao.com\/1\/?p=17838"},"modified":"2017-04-15T20:17:25","modified_gmt":"2017-04-15T23:17:25","slug":"camara-de-camalau-emite-mensagem-de-feliz-pascoa-aos-camalauenses","status":"publish","type":"post","link":"https:\/\/www.caririemacao.com\/1\/2017\/04\/15\/camara-de-camalau-emite-mensagem-de-feliz-pascoa-aos-camalauenses\/","title":{"rendered":"C\u00e2mara de Camala\u00fa emite mensagem de Feliz P\u00e1scoa aos camalauenses"},"content":{"rendered":"<p>A C\u00e2mara Municipal de Camala\u00fa, atrav\u00e9s de seu presidente Aluisio Lucas J\u00fanior, emite Mensagem de Feliz P\u00e1scoa a todos os camalauenses e aqueles que residem na estimada cidade de Camala\u00fa.<\/p>\n<p><strong>Confira abaixo, mensagem emitida pela C\u00e2mara de Camala\u00fa:<\/strong><\/p>\n<p><em>Camalauenses,<\/em><\/p>\n<p><em>A P\u00e1scoa tem um significado forte para os crist\u00e3os do mundo todo, porque significa \u00e0 ressurrei\u00e7\u00e3o, aquela que mant\u00e9m a chama da esperan\u00e7a firmemente acessa todos os dias. O fogo da resist\u00eancia!<\/em><\/p>\n<p><em>Precisamos lembrar que a Ressurrei\u00e7\u00e3o \u00e9 o grito de Deus para os homens desanimados, os homens cansados, os homens deitados no caminho da vida. A Ressurrei\u00e7\u00e3o \u00e9 grito de cristo ressuscitado.<\/em><\/p>\n<p><em>Feliz P\u00e1scoa!<\/em><\/p>\n<p><strong>Vereador Aluisio Lucas J\u00fanior<\/strong><\/p>\n<p>Presidente da C\u00e2mara de Vereadores de Camala\u00fa<\/p>\n<p><strong>CARIRI EM A\u00c7\u00c3O<\/strong><\/p>\n<p>Leia mais not\u00edcias em\u00a0<a href=\"http:\/\/www.caririemacao.com\/\">caririemacao.com<\/a>, siga nossa p\u00e1gina no<a href=\"https:\/\/www.facebook.com\/CaririEmAcao\/\">\u00a0Facebook<\/a>\u00a0e\u00a0<a href=\"https:\/\/www.instagram.com\/cariri_em_acao\/?hl=pt-br\">Instagram<\/a>\u00a0veja nossas mat\u00e9rias e fotos. Voc\u00ea tamb\u00e9m pode enviar informa\u00e7\u00f5es \u00e0 Reda\u00e7\u00e3o do Portal Cariri em A\u00e7\u00e3o pelo WhatsApp (83) 9 9634.5791, (83) 9 9601-1162.<\/p>\n","protected":false},"excerpt":{"rendered":"<p>A C\u00e2mara Municipal de Camala\u00fa, atrav\u00e9s de seu presidente Aluisio Lucas J\u00fanior, emite Mensagem de Feliz P\u00e1scoa a todos os camalauenses e aqueles que residem&hellip; <\/p>\n","protected":false},"author":2,"featured_media":17839,"comment_status":"closed","ping_status":"closed","sticky":false,"template":"","format":"standard","meta":{"sfsi_plus_gutenberg_text_before_share":"","sfsi_plus_gutenberg_show_text_before_share":"","sfsi_plus_gutenberg_icon_type":"","sfsi_plus_gutenberg_icon_alignemt":"","sfsi_plus_gutenburg_max_per_row":"","footnotes":""},"categories":[6],"tags":[],"class_list":["post-17838","post","type-post","status-publish","format-standard","has-post-thumbnail","hentry","category-cidades"],"_links":{"self":[{"href":"https:\/\/www.caririemacao.com\/1\/wp-json\/wp\/v2\/posts\/17838","targetHints":{"allow":["GET"]}}],"collection":[{"href":"https:\/\/www.caririemacao.com\/1\/wp-json\/wp\/v2\/posts"}],"about":[{"href":"https:\/\/www.caririemacao.com\/1\/wp-json\/wp\/v2\/types\/post"}],"author":[{"embeddable":true,"href":"https:\/\/www.caririemacao.com\/1\/wp-json\/wp\/v2\/users\/2"}],"replies":[{"embeddable":true,"href":"https:\/\/www.caririemacao.com\/1\/wp-json\/wp\/v2\/comments?post=17838"}],"version-history":[{"count":0,"href":"https:\/\/www.caririemacao.com\/1\/wp-json\/wp\/v2\/posts\/17838\/revisions"}],"wp:featuredmedia":[{"embeddable":true,"href":"https:\/\/www.caririemacao.com\/1\/wp-json\/wp\/v2\/media\/17839"}],"wp:attachment":[{"href":"https:\/\/www.caririemacao.com\/1\/wp-json\/wp\/v2\/media?parent=17838"}],"wp:term":[{"taxonomy":"category","embeddable":true,"href":"https:\/\/www.caririemacao.com\/1\/wp-json\/wp\/v2\/categories?post=17838"},{"taxonomy":"post_tag","embeddable":true,"href":"https:\/\/www.caririemacao.com\/1\/wp-json\/wp\/v2\/tags?post=17838"}],"curies":[{"name":"wp","href":"https:\/\/api.w.org\/{rel}","templated":true}]}}