{"id":178409,"date":"2020-07-11T14:16:16","date_gmt":"2020-07-11T17:16:16","guid":{"rendered":"https:\/\/www.caririemacao.com\/1\/?p=178409"},"modified":"2020-07-11T14:16:16","modified_gmt":"2020-07-11T17:16:16","slug":"governo-quer-dobrar-participacao-do-modo-ferroviario-em-oito-anos","status":"publish","type":"post","link":"https:\/\/www.caririemacao.com\/1\/2020\/07\/11\/governo-quer-dobrar-participacao-do-modo-ferroviario-em-oito-anos\/","title":{"rendered":"Governo quer dobrar participa\u00e7\u00e3o do modo ferrovi\u00e1rio em oito anos"},"content":{"rendered":"\n<h2 class=\"wp-block-heading\"><\/h2>\n\n\n\n<p>A participa\u00e7\u00e3o das ferrovias no total de transportes no Brasil deve chegar a mais de 30% em at\u00e9 oito anos. Esse \u00e9 o plano do governo federal, de acordo com o ministro da Infraestrutura Tarc\u00edsio de Freitas. Ele discutiu as a\u00e7\u00f5es do Executivo para a \u00e1rea em webinar promovido pela Revista Ferrovi\u00e1ria hoje (10).<br><br>Atualmente, o modo ferrovi\u00e1rio responde por 15% do ecossistema de transporte brasileiro. A meta \u00e9 dobrar isso nos pr\u00f3ximos oito anos. Freitas defendeu que a consecu\u00e7\u00e3o deste objetivo dever\u00e1 ser garantida a partir das concess\u00f5es de ferrovias planejadas do Executivo.<br><br>\u201cA estrat\u00e9gia ferrovi\u00e1ria pretende reequilibrar a matriz de transportes e dobrar a participa\u00e7\u00e3o do modo ferrovi\u00e1rio em oito anos, a partir dos investimentos planejados e plantados. Vamos trazer inova\u00e7\u00f5es para o marco regulat\u00f3rio de maneira que facilite a chegada do investimento privado\u201d, disse o ministro no debate virtual.<br><br>O titular da pasta da Infraestrutura defendeu e apontou benef\u00edcios das concess\u00f5es. Segundo ele, este modelo poder\u00e1 gerar investimentos e melhorar a qualidade do servi\u00e7o com redu\u00e7\u00e3o dos tempos de viagem, melhoria da seguran\u00e7a e diminui\u00e7\u00e3o dos custos de opera\u00e7\u00e3o.<br><br>Al\u00e9m das novas concess\u00f5es e autoriza\u00e7\u00f5es, o ministro citou tamb\u00e9m dentro das estrat\u00e9gias a renova\u00e7\u00e3o antecipada de contratos. Ele projetou que os investimentos mobilizados com essas medidas podem ficar entre R$ 40 bilh\u00f5es e R$ 100 bilh\u00f5es.<\/p>\n","protected":false},"excerpt":{"rendered":"<p>A participa\u00e7\u00e3o das ferrovias no total de transportes no Brasil deve chegar a mais de 30% em at\u00e9 oito anos. Esse \u00e9 o plano do&hellip; <\/p>\n","protected":false},"author":2,"featured_media":178410,"comment_status":"closed","ping_status":"closed","sticky":false,"template":"","format":"standard","meta":{"sfsi_plus_gutenberg_text_before_share":"","sfsi_plus_gutenberg_show_text_before_share":"","sfsi_plus_gutenberg_icon_type":"","sfsi_plus_gutenberg_icon_alignemt":"","sfsi_plus_gutenburg_max_per_row":"","footnotes":""},"categories":[11],"tags":[],"class_list":["post-178409","post","type-post","status-publish","format-standard","has-post-thumbnail","hentry","category-politica"],"_links":{"self":[{"href":"https:\/\/www.caririemacao.com\/1\/wp-json\/wp\/v2\/posts\/178409","targetHints":{"allow":["GET"]}}],"collection":[{"href":"https:\/\/www.caririemacao.com\/1\/wp-json\/wp\/v2\/posts"}],"about":[{"href":"https:\/\/www.caririemacao.com\/1\/wp-json\/wp\/v2\/types\/post"}],"author":[{"embeddable":true,"href":"https:\/\/www.caririemacao.com\/1\/wp-json\/wp\/v2\/users\/2"}],"replies":[{"embeddable":true,"href":"https:\/\/www.caririemacao.com\/1\/wp-json\/wp\/v2\/comments?post=178409"}],"version-history":[{"count":1,"href":"https:\/\/www.caririemacao.com\/1\/wp-json\/wp\/v2\/posts\/178409\/revisions"}],"predecessor-version":[{"id":178411,"href":"https:\/\/www.caririemacao.com\/1\/wp-json\/wp\/v2\/posts\/178409\/revisions\/178411"}],"wp:featuredmedia":[{"embeddable":true,"href":"https:\/\/www.caririemacao.com\/1\/wp-json\/wp\/v2\/media\/178410"}],"wp:attachment":[{"href":"https:\/\/www.caririemacao.com\/1\/wp-json\/wp\/v2\/media?parent=178409"}],"wp:term":[{"taxonomy":"category","embeddable":true,"href":"https:\/\/www.caririemacao.com\/1\/wp-json\/wp\/v2\/categories?post=178409"},{"taxonomy":"post_tag","embeddable":true,"href":"https:\/\/www.caririemacao.com\/1\/wp-json\/wp\/v2\/tags?post=178409"}],"curies":[{"name":"wp","href":"https:\/\/api.w.org\/{rel}","templated":true}]}}