{"id":17841,"date":"2017-04-15T20:47:23","date_gmt":"2017-04-15T23:47:23","guid":{"rendered":"http:\/\/caririemacao.com\/1\/?p=17841"},"modified":"2017-04-15T20:47:23","modified_gmt":"2017-04-15T23:47:23","slug":"transposicao-nao-vai-facilitar-nada-diz-agricultora-sem-acesso-a-agua-encanada","status":"publish","type":"post","link":"https:\/\/www.caririemacao.com\/1\/2017\/04\/15\/transposicao-nao-vai-facilitar-nada-diz-agricultora-sem-acesso-a-agua-encanada\/","title":{"rendered":"Transposi\u00e7\u00e3o &#8216;n\u00e3o vai facilitar nada&#8217;, diz agricultora sem acesso a \u00e1gua encanada"},"content":{"rendered":"<p>As \u00e1guas da transposi\u00e7\u00e3o do Rio S\u00e3o Francisco chegaram h\u00e1 um m\u00eas na cidade de Monteiro, no Cariri da Para\u00edba, levando esperan\u00e7a de dias melhores aos paraibanos, que h\u00e1 cinco anos enfrentam a seca no estado. Com a promessa de tirar as cidades da crise no abastecimento, a realidade de quem mora na zona rural \u00e9 bem diferente de quem est\u00e1 na \u00e1rea urbana.<\/p>\n<p>A agricultora In\u00e1cia Maria da Silva, 50 anos, n\u00e3o est\u00e1 muito animada com a chegada das \u00e1guas da transposi\u00e7\u00e3o. Ela mora no s\u00edtio Serra Branca, na zona rural de Monteiro, a cerca de 18 quil\u00f4metros do centro da cidade. Para essa regi\u00e3o n\u00e3o h\u00e1 \u00e1gua encanada.<\/p>\n<p>Durante toda a vida ela se acostumou a ter o lar abastecido por \u00e1gua de po\u00e7os artesianos e por carros-pipa. Segundo ela, a \u00e1gua da transposi\u00e7\u00e3o est\u00e1 beneficiando mais os moradores da zona urbana. \u201cPra quem mora aqui na cidade ou nas proximidades vai mudar muita coisa. Vai facilitar muito a vida do pessoal. Pra gente (que mora na zona rural) n\u00e3o vai facilitar nada\u201d, disse ela.<\/p>\n<p>Em tempos em que a regi\u00e3o ainda n\u00e3o era t\u00e3o castigada pela seca, In\u00e1cia Maria da Silva conta que fazia plantio nas terras. \u201cA gente vive da ro\u00e7a. Quando tinha \u00e1gua, na \u00e9poca que tinha inverno e o a\u00e7ude estava cheio, a gente sempre plantava alguma coisa. J\u00e1 tem uns cinco anos sem plantar. S\u00e3o cinco anos de seca. Hoje a gente vive de aposentadoria\u201d, afirmou a agricultora.<\/p>\n<p><strong>Sistema de abastecimento<\/strong><\/p>\n<p>A Companhia de \u00c1gua e Esgoto da Para\u00edba (Cagepa), respons\u00e1vel pelo abastecimento de \u00e1gua e tratamento de esgoto no estado na Para\u00edba, confirmou que a \u00e1gua que chega atrav\u00e9s da transposi\u00e7\u00e3o do Rio S\u00e3o Francisco vai para a\u00e7udes, mas estes s\u00f3 levam \u00e1gua encanada para a \u00e1rea urbana.<\/p>\n<p>\u201cA Cagepa s\u00f3 atua na \u00e1rea urbanizada, por isso n\u00e3o h\u00e1 encanamento para algumas comunidades rurais. Nestes locais, o abastecimento \u00e9 feito geralmente por po\u00e7os. O que a Cagepa \u00e0s vezes faz, \u00e9 criar um chafariz para uso da comunidade. De fato a \u00e1gua que chega da transposi\u00e7\u00e3o n\u00e3o vai para algumas \u00e1reas rurais, pois n\u00e3o h\u00e1 canos. N\u00e3o h\u00e1 sistema adutor\u201d, explica o gerente regional da Cagepa, Ronaldo Meneses.<\/p>\n<p><a href=\"http:\/\/caririemacao.com\/1\/wp-content\/uploads\/2017\/04\/acude_sao_jose1.jpg\"><img fetchpriority=\"high\" decoding=\"async\" class=\"aligncenter wp-image-17842 size-full\" src=\"http:\/\/caririemacao.com\/1\/wp-content\/uploads\/2017\/04\/acude_sao_jose1.jpg\" alt=\"acude_sao_jose1\" width=\"1000\" height=\"563\" srcset=\"https:\/\/www.caririemacao.com\/1\/wp-content\/uploads\/2017\/04\/acude_sao_jose1.jpg 1000w, https:\/\/www.caririemacao.com\/1\/wp-content\/uploads\/2017\/04\/acude_sao_jose1-300x169.jpg 300w, https:\/\/www.caririemacao.com\/1\/wp-content\/uploads\/2017\/04\/acude_sao_jose1-768x432.jpg 768w\" sizes=\"(max-width: 1000px) 100vw, 1000px\" \/><\/a><\/p>\n<p><strong>A transposi\u00e7\u00e3o<br \/>\n<\/strong>A \u00e1gua da transposi\u00e7\u00e3o do Rio S\u00e3o Francisco chega \u00e0 cidade de Monteiro, na Para\u00edba, atrav\u00e9s do eixo leste. Neste trecho, a \u00e1gua \u00e9 captada na cidade de Petrol\u00e2ndia, no Sert\u00e3o de Pernambuco e viaja por 208 quil\u00f4metros at\u00e9 chegar \u00e0 cidade paraibana.\u00a0As \u00e1guas chegaram a Monteiro, no dia 8 de mar\u00e7o deste ano\u00a0e, em menos de um m\u00eas ap\u00f3s receber a transposi\u00e7\u00e3o,\u00a0o primeiro a\u00e7ude a receber as \u00e1guas j\u00e1 come\u00e7ou a sangrar.<\/p>\n<p><strong>CARIRI EM A\u00c7\u00c3O<\/strong><\/p>\n<p>Com g1<\/p>\n<p>Leia mais not\u00edcias em\u00a0<a href=\"http:\/\/www.caririemacao.com\/\">caririemacao.com<\/a>, siga nossa p\u00e1gina no<a href=\"https:\/\/www.facebook.com\/CaririEmAcao\/\">\u00a0Facebook<\/a>\u00a0e\u00a0<a href=\"https:\/\/www.instagram.com\/cariri_em_acao\/?hl=pt-br\">Instagram<\/a>\u00a0veja nossas mat\u00e9rias e fotos. Voc\u00ea tamb\u00e9m pode enviar informa\u00e7\u00f5es \u00e0 Reda\u00e7\u00e3o do Portal Cariri em A\u00e7\u00e3o pelo WhatsApp (83) 9 9634.5791, (83) 9 9601-1162.<\/p>\n","protected":false},"excerpt":{"rendered":"<p>As \u00e1guas da transposi\u00e7\u00e3o do Rio S\u00e3o Francisco chegaram h\u00e1 um m\u00eas na cidade de Monteiro, no Cariri da Para\u00edba, levando esperan\u00e7a de dias melhores&hellip; <\/p>\n","protected":false},"author":2,"featured_media":17843,"comment_status":"closed","ping_status":"closed","sticky":false,"template":"","format":"standard","meta":{"sfsi_plus_gutenberg_text_before_share":"","sfsi_plus_gutenberg_show_text_before_share":"","sfsi_plus_gutenberg_icon_type":"","sfsi_plus_gutenberg_icon_alignemt":"","sfsi_plus_gutenburg_max_per_row":"","footnotes":""},"categories":[2],"tags":[],"class_list":["post-17841","post","type-post","status-publish","format-standard","has-post-thumbnail","hentry","category-geral"],"_links":{"self":[{"href":"https:\/\/www.caririemacao.com\/1\/wp-json\/wp\/v2\/posts\/17841","targetHints":{"allow":["GET"]}}],"collection":[{"href":"https:\/\/www.caririemacao.com\/1\/wp-json\/wp\/v2\/posts"}],"about":[{"href":"https:\/\/www.caririemacao.com\/1\/wp-json\/wp\/v2\/types\/post"}],"author":[{"embeddable":true,"href":"https:\/\/www.caririemacao.com\/1\/wp-json\/wp\/v2\/users\/2"}],"replies":[{"embeddable":true,"href":"https:\/\/www.caririemacao.com\/1\/wp-json\/wp\/v2\/comments?post=17841"}],"version-history":[{"count":0,"href":"https:\/\/www.caririemacao.com\/1\/wp-json\/wp\/v2\/posts\/17841\/revisions"}],"wp:featuredmedia":[{"embeddable":true,"href":"https:\/\/www.caririemacao.com\/1\/wp-json\/wp\/v2\/media\/17843"}],"wp:attachment":[{"href":"https:\/\/www.caririemacao.com\/1\/wp-json\/wp\/v2\/media?parent=17841"}],"wp:term":[{"taxonomy":"category","embeddable":true,"href":"https:\/\/www.caririemacao.com\/1\/wp-json\/wp\/v2\/categories?post=17841"},{"taxonomy":"post_tag","embeddable":true,"href":"https:\/\/www.caririemacao.com\/1\/wp-json\/wp\/v2\/tags?post=17841"}],"curies":[{"name":"wp","href":"https:\/\/api.w.org\/{rel}","templated":true}]}}