{"id":178413,"date":"2020-07-11T16:12:26","date_gmt":"2020-07-11T19:12:26","guid":{"rendered":"https:\/\/www.caririemacao.com\/1\/?p=178413"},"modified":"2020-07-11T16:12:26","modified_gmt":"2020-07-11T19:12:26","slug":"camalau-gestao-emite-nota-de-repudio-e-traz-a-verdade-sobre-supostas-denuncias-espalhadas-pela-oposicao","status":"publish","type":"post","link":"https:\/\/www.caririemacao.com\/1\/2020\/07\/11\/camalau-gestao-emite-nota-de-repudio-e-traz-a-verdade-sobre-supostas-denuncias-espalhadas-pela-oposicao\/","title":{"rendered":"Camala\u00fa: Gest\u00e3o emite nota de rep\u00fadio e traz a verdade sobre supostas den\u00fancias espalhadas pela oposi\u00e7\u00e3o"},"content":{"rendered":"\n<p>A prefeitura de Camala\u00fa se pronunciou atrav\u00e9s de uma nota de rep\u00fadio, em rela\u00e7\u00e3o \u00e0 inverdades que foram propagadas e, aplicativos de redes sociais com informa\u00e7\u00f5es inver\u00eddicas e cal\u00fanias endere\u00e7adas \u00e0 gest\u00e3o municipal.<\/p>\n\n\n\n<p><br>Confira a nota na \u00edntegra, deixando claro que seu objetivo \u00e9 levar a verdade ao p\u00fablico, e que as providencias jur\u00eddicas cab\u00edveis j\u00e1 foram devidamente tomadas<br><strong>NOTA DE REP\u00daDIO POR POSTAGEM FALSA<\/strong><br>A Prefeitura Municipal de Camala\u00fa, por meio desta nota oficial, vem a p\u00fablico repudiar a divulga\u00e7\u00e3o de postagem caluniosa e fazer os seguintes esclarecimentos:<br>No \u00faltimo dia 09 de julho de 2020, foi publicado e compartilhado, nos mais diversos aplicativos da rede social, post que atrelava o nome da Prefeitura Municipal \u00e0 conduta criminosa pela pr\u00e1tica de despesa irregular (superfaturamento) na compra de uma pe\u00e7a (bomba).<br>Ocorre que criminosa \u00e9 a conduta de quem, ardilosamente, empenha-se em propagar inverdades, desconsiderando, conscientemente, o conjunto de a\u00e7\u00f5es que faz parte do processo de compras realizado conforme os tr\u00e2mites definidos pelos \u00f3rg\u00e3os reguladores, com transpar\u00eancia indispens\u00e1vel \u00e0 aquisi\u00e7\u00e3o de bens p\u00fablicos, bem como com a ampla divulga\u00e7\u00e3o necess\u00e1ria em qualquer gest\u00e3o p\u00fablica valorosa. Sendo assim, no\u00a0\u00a0Preg\u00e3o Presencial de n\u00b0 024\/2017, realizado em 19 de julho de 2017, no lote 10 \u2013 P\u00e1 Carregadeira HL 740-95 Nacional, no item de n\u00b0 3, j\u00e1 constava a discrimina\u00e7\u00e3o da pe\u00e7a BOMBA HIDR\u00c1ULICA e a consequente autoriza\u00e7\u00e3o de compra no valor de R$ 2.012,80 (dois mil e doze reais e oitenta centavos), fatos que embasam a licitude das etapas para a aquisi\u00e7\u00e3o da bomba adquirida, havendo, na descri\u00e7\u00e3o da pe\u00e7a, apenas, um equ\u00edvoco ao referenci\u00e1-la, fato este comprovado e atestado pela empresa que vendeu a pe\u00e7a.\u00a0<\/p>\n\n\n\n<p><br>Equ\u00edvoco que \u00e9 constatado em balancetes de outras gest\u00f5es. Vale lembrar que a atual gest\u00e3o j\u00e1 teve duas contas aprovadas pelo tribunal de contas (2017 e 2018).<br>A transpar\u00eancia \u00e9 a marca desta gest\u00e3o, que aboliu a modalidade carta convite dos processos licitat\u00f3rios, estabelecendo a modalidade preg\u00e3o, algo defendido e orientado pelos tribunais de contas de todo o Brasil.<\/p>\n\n\n\n<p><br>As pessoas que propagam mentiras e cal\u00fanias, s\u00e3o as mesmas que j\u00e1 fizeram in\u00fameras den\u00fancias, sem lograr \u00eaxito na esmagadora maioria delas. As devidas provid\u00eancias j\u00e1 est\u00e3o sendo tomadas diante de quem espalha inverdades.<br>\u00a0Com a exposi\u00e7\u00e3o dos fatos, reiteramos o compromisso com a ger\u00eancia dos recursos financeiros do nosso munic\u00edpio quando, desde 2017, divulgamos as referidas informa\u00e7\u00f5es fiscais.<\/p>\n\n\n\n<p><br>Ao mesmo tempo, lastimamos a manifesta\u00e7\u00e3o de atitudes perversas cuja finalidade \u00e9 de ludibriar os cidad\u00e3os camalauenses, demonstrando \u201cpreocupa\u00e7\u00e3o\u201d com o bem p\u00fablico somente em per\u00edodo pr\u00e9-eleitoral, al\u00e9m de incitar a pr\u00e1tica de condutas que podem ser representadas criminalmente por cal\u00fania, difama\u00e7\u00e3o, danos morais e crime virtual.<br>\u201cA semeadura \u00e9 opcional, a colheita obrigat\u00f3ria\u201dAguardemos!!<\/p>\n\n\n\n<p>Com Blog Fabio Brito<\/p>\n","protected":false},"excerpt":{"rendered":"<p>A prefeitura de Camala\u00fa se pronunciou atrav\u00e9s de uma nota de rep\u00fadio, em rela\u00e7\u00e3o \u00e0 inverdades que foram propagadas e, aplicativos de redes sociais com&hellip; <\/p>\n","protected":false},"author":1,"featured_media":178414,"comment_status":"closed","ping_status":"closed","sticky":false,"template":"","format":"standard","meta":{"sfsi_plus_gutenberg_text_before_share":"","sfsi_plus_gutenberg_show_text_before_share":"","sfsi_plus_gutenberg_icon_type":"","sfsi_plus_gutenberg_icon_alignemt":"","sfsi_plus_gutenburg_max_per_row":"","footnotes":""},"categories":[6],"tags":[],"class_list":["post-178413","post","type-post","status-publish","format-standard","has-post-thumbnail","hentry","category-cidades"],"_links":{"self":[{"href":"https:\/\/www.caririemacao.com\/1\/wp-json\/wp\/v2\/posts\/178413","targetHints":{"allow":["GET"]}}],"collection":[{"href":"https:\/\/www.caririemacao.com\/1\/wp-json\/wp\/v2\/posts"}],"about":[{"href":"https:\/\/www.caririemacao.com\/1\/wp-json\/wp\/v2\/types\/post"}],"author":[{"embeddable":true,"href":"https:\/\/www.caririemacao.com\/1\/wp-json\/wp\/v2\/users\/1"}],"replies":[{"embeddable":true,"href":"https:\/\/www.caririemacao.com\/1\/wp-json\/wp\/v2\/comments?post=178413"}],"version-history":[{"count":1,"href":"https:\/\/www.caririemacao.com\/1\/wp-json\/wp\/v2\/posts\/178413\/revisions"}],"predecessor-version":[{"id":178415,"href":"https:\/\/www.caririemacao.com\/1\/wp-json\/wp\/v2\/posts\/178413\/revisions\/178415"}],"wp:featuredmedia":[{"embeddable":true,"href":"https:\/\/www.caririemacao.com\/1\/wp-json\/wp\/v2\/media\/178414"}],"wp:attachment":[{"href":"https:\/\/www.caririemacao.com\/1\/wp-json\/wp\/v2\/media?parent=178413"}],"wp:term":[{"taxonomy":"category","embeddable":true,"href":"https:\/\/www.caririemacao.com\/1\/wp-json\/wp\/v2\/categories?post=178413"},{"taxonomy":"post_tag","embeddable":true,"href":"https:\/\/www.caririemacao.com\/1\/wp-json\/wp\/v2\/tags?post=178413"}],"curies":[{"name":"wp","href":"https:\/\/api.w.org\/{rel}","templated":true}]}}