{"id":178416,"date":"2020-07-12T09:40:25","date_gmt":"2020-07-12T12:40:25","guid":{"rendered":"https:\/\/www.caririemacao.com\/1\/?p=178416"},"modified":"2020-07-12T09:40:25","modified_gmt":"2020-07-12T12:40:25","slug":"infectologista-alerta-sobre-periodo-de-chuvas-com-dengue-chikungunya-e-zika","status":"publish","type":"post","link":"https:\/\/www.caririemacao.com\/1\/2020\/07\/12\/infectologista-alerta-sobre-periodo-de-chuvas-com-dengue-chikungunya-e-zika\/","title":{"rendered":"Infectologista alerta sobre per\u00edodo de chuvas com dengue, chikungunya e zika"},"content":{"rendered":"\n<h1 class=\"wp-block-heading\"><\/h1>\n\n\n\n<p>O novo coronav\u00edrus tem sido o centro das aten\u00e7\u00f5es de sa\u00fade nos \u00faltimos meses, mas com a chegada das chuvas a popula\u00e7\u00e3o n\u00e3o pode descuidar de doen\u00e7as j\u00e1 conhecidas como a dengue, chikungunya e zika, que assim como a Covid-19 s\u00e3o graves problemas de sa\u00fade p\u00fablica.<\/p>\n\n\n\n<p>O infectologista do Hapvida em Jo\u00e3o Pessoa, Fernando Chagas, pede a popula\u00e7\u00e3o cuidado redobrado neste per\u00edodo do ano e explica que essas s\u00e3o doen\u00e7as mais presentes em pa\u00edses de temperaturas mais elevada devido \u00e0 caracter\u00edstica de sobreviv\u00eancia do mosquito transmissor da doen\u00e7a, o Aedes Aegypti.<\/p>\n\n\n\n<p>De acordo com o \u00faltimo Boletim Epidemiol\u00f3gico de Arboviroses divulgado pelo Minist\u00e9rio da Sa\u00fade no m\u00eas de junho, o pa\u00eds soma um total de 823.738 casos prov\u00e1veis de dengue, 40.352 casos prov\u00e1veis de chikungunya e 3.692 casos da zika.<\/p>\n\n\n\n<p>J\u00e1 na Para\u00edba, os dados do \u00faltimo boletim epidemiol\u00f3gico da Secretaria de Estado da Sa\u00fade, tamb\u00e9m divulgado em junho, apontam 3.393 casos prov\u00e1veis de dengue, 402 de chikungunya e de zika foram registrados 81 casos prov\u00e1veis.<\/p>\n\n\n\n<p>\u201cEstamos tendo um n\u00famero significativo no n\u00famero de casos, principalmente da dengue, mas a chikungunya tamb\u00e9m est\u00e1 presente e a zika, esse \u00faltimo, talvez com um retorno do v\u00edrus sob muta\u00e7\u00e3o e o que n\u00e3o se sabe \u00e9 se quem j\u00e1 teve zika pode vir a ter novamente\u201d, alerta o m\u00e9dico.<\/p>\n\n\n\n<p>O especialista recomenda que a popula\u00e7\u00e3o continue combatendo a propaga\u00e7\u00e3o da doen\u00e7a com medidas j\u00e1 conhecidas como evitar o ac\u00famulo de \u00e1gua parada, fazer uso de repelente no in\u00edcio da noite e, se puder, usar tela de prote\u00e7\u00e3o nas janelas que \u00e9 uma medida muito eficaz.<\/p>\n\n\n\n<p>\u201cTodas essas recomenda\u00e7\u00f5es v\u00e3o contribuir para que n\u00e3o tenhamos dois problemas ao mesmo tempo, que \u00e9 uma arbovirose associada ao risco j\u00e1 existente, que \u00e9 a Covid-19\u201d, refor\u00e7a Fernando Chagas.<\/p>\n\n\n\n<p>As arbovirose \u2013 O infectologista do Hospital do Hapvida em Jo\u00e3o Pessoa, Fernando Chagas, explica que as tr\u00eas doen\u00e7as s\u00e3o de origem viral e provocadas pelo mesmo vetor, o Aedes Aegypti. Segundo ele, o que difere a dengue, da chikungunya e a zika \u00e9 o comprometimento que cada uma delas pode trazer para vida do indiv\u00edduo.<\/p>\n\n\n\n<p>A dengue \u00e9 a mais cl\u00e1ssica e o maior problema \u00e9 ela evoluir para uma forma grave.<\/p>\n\n\n\n<p>\u201c\u00c9 importante a partir do quinto ao sexto dia da doen\u00e7a observar a presen\u00e7a de dor abdominal e v\u00f4mitos, porque, para esses casos, \u00e9 necess\u00e1rio buscar uma unidade de urg\u00eancia, j\u00e1 que \u00e9 uma doen\u00e7a que pode matar\u201d, refor\u00e7a.<img decoding=\"async\" data-src=\"https:\/\/paraibaonline.com.br\/wp-content\/uploads\/2020\/07\/DENGUE-567x375.jpg\" alt=\"\" data-srcset=\"https:\/\/paraibaonline.com.br\/wp-content\/uploads\/2020\/07\/DENGUE-567x375.jpg 567w, https:\/\/paraibaonline.com.br\/wp-content\/uploads\/2020\/07\/DENGUE-900x595.jpg 900w, https:\/\/paraibaonline.com.br\/wp-content\/uploads\/2020\/07\/DENGUE.jpg 960w\" src=\"data:image\/svg+xml;base64,PHN2ZyB3aWR0aD0iMSIgaGVpZ2h0PSIxIiB4bWxucz0iaHR0cDovL3d3dy53My5vcmcvMjAwMC9zdmciPjwvc3ZnPg==\" class=\"lazyload\" style=\"--smush-placeholder-width: 567px; --smush-placeholder-aspect-ratio: 567\/375;\"><\/p>\n\n\n\n<p>Foto: Ascom<\/p>\n\n\n\n<p>A chikungunya atinge c\u00e9lulas da cartilagem, causando dores articulares, sendo esta a maior caracter\u00edstica da doen\u00e7a.<\/p>\n\n\n\n<p>\u201cGeralmente n\u00e3o causa morte, por\u00e9m o indiv\u00edduo acometido pela doen\u00e7a pode ficar at\u00e9 tr\u00eas meses e, em alguns casos, se tornar cr\u00f4nica em pessoas que j\u00e1 tenham doen\u00e7a autoimune ou problemas nas articula\u00e7\u00f5es. \u00c9 uma doen\u00e7a que acaba afastando a pessoa acometida das suas atividades di\u00e1rias, por conta das dores que at\u00e9 para responder a antinflamat\u00f3rios ou analg\u00e9sicos s\u00e3o de dif\u00edceis controle-resposta\u201d, difere.<\/p>\n\n\n\n<p>J\u00e1 a zika tem como grande problema as repercuss\u00f5es neurol\u00f3gicas que ela pode causar.<\/p>\n\n\n\n<p>\u201cEla pode vir a ocasionar a s\u00edndrome de Guillain-Barr\u00e9, que \u00e9 quando o indiv\u00edduo come\u00e7a a perder for\u00e7as nos membros, em alguns casos, precisando, inclusive ir para UTI e na mulher gr\u00e1vida pode ocasionar a Microcefalia, fazendo com que a crian\u00e7a passe a depender para o resto da vida dos pais e\/ou familiares pela falta de desenvolvimento do cr\u00e2nio, ent\u00e3o alguns fun\u00e7\u00f5es b\u00e1sicas podem ficar prejudicadas\u201d, contemporiza.<\/p>\n\n\n\n<p>Sintomas \u2013 Apesar da diferen\u00e7a est\u00e1 no comprometimento que as doen\u00e7as ocasionam aos indiv\u00edduos afetados, algo que as tornam comum s\u00e3o os sintomas, sendo a febre ou o quadro febril o mais comum, al\u00e9m das dores no corpo, dor de cabe\u00e7a, manchas na pele e coceira.<\/p>\n\n\n\n<p>Sequelas \u2013 A dengue n\u00e3o deixa sequelas, a zika pode deixar como sequela a Guillain-Barr\u00e9 ou, no caso de mulheres gr\u00e1vidas, a microcefalia nos beb\u00eas.<\/p>\n\n\n\n<p>J\u00e1 a chikungunya, o indiv\u00edduo pode ficar com a forma cr\u00f4nica da doen\u00e7a por um per\u00edodo de dois a tr\u00eas anos, que s\u00e3o dores articulares cr\u00f4nicas, \u00e0s vezes, podendo ficar sem conseguir andar direito, sem fazer atividades dom\u00e9sticas e outras atividades do dia a dia por conta das dores.<\/p>\n","protected":false},"excerpt":{"rendered":"<p>O novo coronav\u00edrus tem sido o centro das aten\u00e7\u00f5es de sa\u00fade nos \u00faltimos meses, mas com a chegada das chuvas a popula\u00e7\u00e3o n\u00e3o pode descuidar&hellip; <\/p>\n","protected":false},"author":2,"featured_media":178417,"comment_status":"closed","ping_status":"closed","sticky":false,"template":"","format":"standard","meta":{"sfsi_plus_gutenberg_text_before_share":"","sfsi_plus_gutenberg_show_text_before_share":"","sfsi_plus_gutenberg_icon_type":"","sfsi_plus_gutenberg_icon_alignemt":"","sfsi_plus_gutenburg_max_per_row":"","footnotes":""},"categories":[2],"tags":[],"class_list":["post-178416","post","type-post","status-publish","format-standard","has-post-thumbnail","hentry","category-geral"],"_links":{"self":[{"href":"https:\/\/www.caririemacao.com\/1\/wp-json\/wp\/v2\/posts\/178416","targetHints":{"allow":["GET"]}}],"collection":[{"href":"https:\/\/www.caririemacao.com\/1\/wp-json\/wp\/v2\/posts"}],"about":[{"href":"https:\/\/www.caririemacao.com\/1\/wp-json\/wp\/v2\/types\/post"}],"author":[{"embeddable":true,"href":"https:\/\/www.caririemacao.com\/1\/wp-json\/wp\/v2\/users\/2"}],"replies":[{"embeddable":true,"href":"https:\/\/www.caririemacao.com\/1\/wp-json\/wp\/v2\/comments?post=178416"}],"version-history":[{"count":1,"href":"https:\/\/www.caririemacao.com\/1\/wp-json\/wp\/v2\/posts\/178416\/revisions"}],"predecessor-version":[{"id":178418,"href":"https:\/\/www.caririemacao.com\/1\/wp-json\/wp\/v2\/posts\/178416\/revisions\/178418"}],"wp:featuredmedia":[{"embeddable":true,"href":"https:\/\/www.caririemacao.com\/1\/wp-json\/wp\/v2\/media\/178417"}],"wp:attachment":[{"href":"https:\/\/www.caririemacao.com\/1\/wp-json\/wp\/v2\/media?parent=178416"}],"wp:term":[{"taxonomy":"category","embeddable":true,"href":"https:\/\/www.caririemacao.com\/1\/wp-json\/wp\/v2\/categories?post=178416"},{"taxonomy":"post_tag","embeddable":true,"href":"https:\/\/www.caririemacao.com\/1\/wp-json\/wp\/v2\/tags?post=178416"}],"curies":[{"name":"wp","href":"https:\/\/api.w.org\/{rel}","templated":true}]}}