{"id":178419,"date":"2020-07-12T09:42:03","date_gmt":"2020-07-12T12:42:03","guid":{"rendered":"https:\/\/www.caririemacao.com\/1\/?p=178419"},"modified":"2020-07-12T09:42:03","modified_gmt":"2020-07-12T12:42:03","slug":"brasil-registra-quase-1-000-mortes-por-covid-19-nas-ultimas-24-horas","status":"publish","type":"post","link":"https:\/\/www.caririemacao.com\/1\/2020\/07\/12\/brasil-registra-quase-1-000-mortes-por-covid-19-nas-ultimas-24-horas\/","title":{"rendered":"Brasil registra quase 1.000 mortes por Covid-19 nas \u00faltimas 24 horas"},"content":{"rendered":"\n<h1 class=\"wp-block-heading\"><\/h1>\n\n\n\n<p>Os dados s\u00e3o fruto de colabora\u00e7\u00e3o in\u00e9dita entre Folha de S.Paulo, O Estado de S. Paulo, Extra, O Globo, G1 e UOL para reunir e divulgar os n\u00fameros relativos \u00e0 pandemia do novo coronav\u00edrus. As informa\u00e7\u00f5es s\u00e3o coletadas diretamente com as Secretarias de Sa\u00fade estaduais.<\/p>\n\n\n\n<p>O balan\u00e7o \u00e9 fechado diariamente \u00e0s 20h.<\/p>\n\n\n\n<p>O Brasil tem uma taxa de cerca de 33,1 mortos por 100 mil habitantes. Os Estados Unidos, que t\u00eam o maior n\u00famero absoluto de mortos, e o Reino Unido, ambos \u00e0 frente do Brasil na pandemia (ou seja, come\u00e7aram a sofrer com o problema antes), t\u00eam 41,2 e 67,5 mortos para cada 100 mil habitantes, respectivamente.<\/p>\n\n\n\n<p>Na Argentina, onde a pandemia desembarcou nove dias mais tarde que no Brasil e que seguiu uma quarentena muito mais r\u00edgida, o \u00edndice \u00e9 de 4 mortes por 100 mil habitantes.<\/p>\n\n\n\n<p>Segundo n\u00fameros do Minist\u00e9rio da Sa\u00fade divulgados neste s\u00e1bado (11), o Brasil registrou nas \u00faltimas 24 horas 39.023 novos casos de Covid-19 e 1.071 novas mortes. Dados da pasta contam um total de 1.839.850 casos e 71.469 \u00f3bitos pelo novo coronav\u00edrus desde o come\u00e7o da pandemia no pa\u00eds.<\/p>\n\n\n\n<p>A iniciativa do cons\u00f3rcio de ve\u00edculos de imprensa ocorre em resposta \u00e0s atitudes do governo Jair Bolsonaro (sem partido), que amea\u00e7ou sonegar dados, atrasou boletins sobre a doen\u00e7a e tirou informa\u00e7\u00f5es do ar, com a interrup\u00e7\u00e3o da divulga\u00e7\u00e3o dos totais de casos e mortes.<\/p>\n\n\n\n<p>Al\u00e9m disso, o governo divulgou dados conflitantes.<\/p>\n","protected":false},"excerpt":{"rendered":"<p>Os dados s\u00e3o fruto de colabora\u00e7\u00e3o in\u00e9dita entre Folha de S.Paulo, O Estado de S. Paulo, Extra, O Globo, G1 e UOL para reunir e&hellip; <\/p>\n","protected":false},"author":2,"featured_media":178420,"comment_status":"closed","ping_status":"closed","sticky":false,"template":"","format":"standard","meta":{"sfsi_plus_gutenberg_text_before_share":"","sfsi_plus_gutenberg_show_text_before_share":"","sfsi_plus_gutenberg_icon_type":"","sfsi_plus_gutenberg_icon_alignemt":"","sfsi_plus_gutenburg_max_per_row":"","footnotes":""},"categories":[2],"tags":[],"class_list":["post-178419","post","type-post","status-publish","format-standard","has-post-thumbnail","hentry","category-geral"],"_links":{"self":[{"href":"https:\/\/www.caririemacao.com\/1\/wp-json\/wp\/v2\/posts\/178419","targetHints":{"allow":["GET"]}}],"collection":[{"href":"https:\/\/www.caririemacao.com\/1\/wp-json\/wp\/v2\/posts"}],"about":[{"href":"https:\/\/www.caririemacao.com\/1\/wp-json\/wp\/v2\/types\/post"}],"author":[{"embeddable":true,"href":"https:\/\/www.caririemacao.com\/1\/wp-json\/wp\/v2\/users\/2"}],"replies":[{"embeddable":true,"href":"https:\/\/www.caririemacao.com\/1\/wp-json\/wp\/v2\/comments?post=178419"}],"version-history":[{"count":1,"href":"https:\/\/www.caririemacao.com\/1\/wp-json\/wp\/v2\/posts\/178419\/revisions"}],"predecessor-version":[{"id":178421,"href":"https:\/\/www.caririemacao.com\/1\/wp-json\/wp\/v2\/posts\/178419\/revisions\/178421"}],"wp:featuredmedia":[{"embeddable":true,"href":"https:\/\/www.caririemacao.com\/1\/wp-json\/wp\/v2\/media\/178420"}],"wp:attachment":[{"href":"https:\/\/www.caririemacao.com\/1\/wp-json\/wp\/v2\/media?parent=178419"}],"wp:term":[{"taxonomy":"category","embeddable":true,"href":"https:\/\/www.caririemacao.com\/1\/wp-json\/wp\/v2\/categories?post=178419"},{"taxonomy":"post_tag","embeddable":true,"href":"https:\/\/www.caririemacao.com\/1\/wp-json\/wp\/v2\/tags?post=178419"}],"curies":[{"name":"wp","href":"https:\/\/api.w.org\/{rel}","templated":true}]}}