{"id":178423,"date":"2020-07-12T09:44:16","date_gmt":"2020-07-12T12:44:16","guid":{"rendered":"https:\/\/www.caririemacao.com\/1\/?p=178423"},"modified":"2020-07-12T09:44:16","modified_gmt":"2020-07-12T12:44:16","slug":"paraiba-ultrapassa-marca-dos-60-mil-casos-de-covid-19","status":"publish","type":"post","link":"https:\/\/www.caririemacao.com\/1\/2020\/07\/12\/paraiba-ultrapassa-marca-dos-60-mil-casos-de-covid-19\/","title":{"rendered":"Para\u00edba ultrapassa marca dos 60 mil casos de Covid-19"},"content":{"rendered":"\n<h1 class=\"wp-block-heading\"><\/h1>\n\n\n\n<p>A Secretaria de Estado da Sa\u00fade divulgou neste s\u00e1bado, mais um boletim da Covid-19. De acordo com a SES, a Para\u00edba registrou 1.303 novos casos de Covid-19 e 21 \u00f3bitos confirmados desde a \u00faltima atualiza\u00e7\u00e3o, 2 deles ocorridos nas \u00faltimas 24h.<\/p>\n\n\n\n<p>Agora s\u00e3o 60.421 pessoas que j\u00e1 contra\u00edram a doen\u00e7a, 22.116 que j\u00e1 se recuperaram e 1.250 faleceram. At\u00e9 o momento, 178.914 testes para diagn\u00f3stico da Covid-19 j\u00e1 foram realizados.<\/p>\n\n\n\n<p>A ocupa\u00e7\u00e3o total de leitos de UTI (adulto, pedi\u00e1trico e obst\u00e9trico) em todo o estado \u00e9 de 53%. Fazendo um recorte apenas dos leitos de UTI para adultos na Regi\u00e3o Metropolitana de Jo\u00e3o Pessoa, a taxa de ocupa\u00e7\u00e3o chega a 64%.<\/p>\n\n\n\n<p>Em Campina Grande, est\u00e3o ocupados 48% dos leitos de UTI adulto e no sert\u00e3o, 52% dos leitos de UTI para adultos.<\/p>\n\n\n\n<p>O \u00edndice de Isolamento Social foi de apenas 39,8 %, considerado baixo em rela\u00e7\u00e3o \u00e0 meta de 70% e \u00e0 m\u00ednima de 50%.<\/p>\n\n\n\n<p>Os casos confirmados est\u00e3o distribu\u00eddos por 218 dos 223 munic\u00edpios paraibanos:<\/p>\n\n\n\n<p>\u00c1gua Branca (37); Aguiar (19); Alagoa Grande (547); Alagoa Nova (204); Alagoinha (577); Alcantil (22); Algod\u00e3o de Janda\u00edra (4); Alhandra (397); Amparo (12); Aparecida (37); Ara\u00e7agi (345); Arara (130); Araruna (149); Areia (203); Areia de Bara\u00fanas (2); Areial (34); Aroeiras (109); Assun\u00e7\u00e3o (27); Baia da Trai\u00e7\u00e3o (301); Bananeiras (97); Bara\u00fana (120); Barra de Santa Rosa (30); Barra de Santana (70); Barra de S\u00e3o Miguel (12);&nbsp;<strong>Bayeux (1.071)<\/strong>; Bel\u00e9m (490); Bel\u00e9m do Brejo do Cruz (13); Bernardino Batista (3); Boa Ventura (2); Boa Vista (61); Bom Jesus (6); Bom Sucesso (7); Bonito de Santa F\u00e9 (6); Boqueir\u00e3o (171); Borborema (7); Brejo do Cruz (158); Brejo dos Santos (14);<\/p>\n\n\n\n<p>Caapor\u00e3 (807); Cabaceiras (19);&nbsp;<strong>Cabedelo (2.015)<\/strong>; Cachoeira dos \u00cdndios (48); Cacimba de Areia (7); Cacimba de Dentro (73); Cacimbas (39); Cai\u00e7ara (298); Cajazeiras (794); Cajazeirinhas (1); Caldas Brand\u00e3o (111); Camala\u00fa (1);&nbsp;<strong>Campina Grande (8.136)<\/strong>; Capim (127); Cara\u00fabas (29); Carrapateira (27); Casserengue (153); Catingueira (15), Catol\u00e9 do Rocha (183); Caturit\u00e9 (63); Concei\u00e7\u00e3o (122); Condado (92); Conde (500); Congo (41); Coremas (47); Coxixola (12); Cruz do Esp\u00edrito Santo (236); Cubati (56); Cuit\u00e9 (125); Cuit\u00e9 de Mamanguape (72); Cuitegi (189); Curral de Cima (15); Curral Velho (1), Dami\u00e3o (3); Desterro (42); Diamante (3); Dona In\u00eas (42); Duas Estradas (44); Emas (5); Esperan\u00e7a (316); Fagundes (59); Frei Martinho (4); Gado Bravo (78);&nbsp;<strong>Guarabira (2.679)<\/strong>; Gurinh\u00e9m (249); Gurj\u00e3o (19);<\/p>\n\n\n\n<p>Ibiara (13); Igaracy (4); Imaculada (26); Ing\u00e1 (438); Itabaiana (813); Itaporanga (59); Itapororoca (308); Itatuba (197); Jacara\u00fa (171); Jeric\u00f3 (5);&nbsp;<strong>Jo\u00e3o Pessoa (16.566)<\/strong>; Joca Claudino (2); Juarez T\u00e1vora (212); Juazeirinho (127); Junco do Serid\u00f3 (31); Juripiranga (335); Juru (14); Lagoa (4); Lagoa de Dentro (60); Lagoa Seca (498); Lastro (15); Livramento (47); Logradouro (92); Lucena (220);<\/p>\n\n\n\n<p>M\u00e3e d\u2019\u00c1gua (15); Malta (26);&nbsp;<strong>Mamanguape (1.638)<\/strong>; Mana\u00edra (7); Marca\u00e7\u00e3o (111); Mari (591); Mariz\u00f3polis (8); Massaranduba (222); Mataraca (121); Matinhas (51); Mato Grosso (7); Matureia (25); Mogeiro (96); Montadas (35); Monteiro (144); Mulungu (229); Natuba (45); Nazarezinho (10); Nova Floresta (26), Nova Olinda (7); Nova Palmeira (40); Olho D\u00b4\u00c1gua (35); Olivedos (44); Parari (4); Passagem (30);&nbsp;<strong>Patos (1.952)<\/strong>; Paulista (70); Pedra Lavrada (26); Pedras de Fogo (1071); Pedro R\u00e9gis (30); Pianc\u00f3 (95); Picu\u00ed (125); Pilar (204); Pil\u00f5es (42); Pil\u00f5ezinhos (182); Pirpirituba (139); Pitimbu (539); Pocinhos (69); Po\u00e7o Dantas (3); Pombal (186); Prata (2); Princesa Isabel (46); Puxinan\u00e3 (205);<\/p>\n\n\n\n<p>Queimadas (674); Quixaba (26); Rem\u00edgio (183); Riach\u00e3o (35); Riach\u00e3o do Bacamarte (193); Riach\u00e3o do Po\u00e7o (43); Riacho de Santo Ant\u00f4nio (19); Riacho dos Cavalos (5); Rio Tinto (670); Salgadinho (11); Salgado de S\u00e3o Felix (126); Santa Cec\u00edlia (45); Santa Cruz (14); Santa Helena (10); Santa In\u00eas (25); Santa Luzia (180);&nbsp;<strong>Santa Rita (1.490)<\/strong>; Santa Terezinha (40); Santana de Mangueira (5); Santana dos Garrotes (6); Santo Andr\u00e9 (5); S\u00e3o Bentinho (24); S\u00e3o Bento (710); S\u00e3o Domingos do Cariri (29); S\u00e3o Francisco (12); S\u00e3o Jo\u00e3o do Cariri (44); S\u00e3o Jo\u00e3o do Rio do Peixe (102); S\u00e3o Jo\u00e3o do Tigre (4); S\u00e3o Jos\u00e9 da Lagoa Tapada (18); S\u00e3o Jos\u00e9 de Caiana (32); S\u00e3o Jos\u00e9 de Espinharas (11); S\u00e3o Jos\u00e9 de Piranhas (77); S\u00e3o Jos\u00e9 de Princesa (1); S\u00e3o Jos\u00e9 do Bonfim (52); S\u00e3o Jos\u00e9 do Brejo do Cruz (5); S\u00e3o Jos\u00e9 do Sabugi (169); S\u00e3o Jos\u00e9 dos Cordeiros (5); S\u00e3o Jos\u00e9 dos Ramos (136); S\u00e3o Mamede (33); S\u00e3o Miguel de Taipu (80); S\u00e3o Sebasti\u00e3o de Lagoa de Ro\u00e7a (140); S\u00e3o Sebasti\u00e3o do Umbuzeiro (5); S\u00e3o Vicente do Serid\u00f3 (28); Sap\u00e9 (651); Serra Branca (95); Serra da Ra\u00edz (14); Serra Grande (8); Serra Redonda (157); Serraria (45); Sert\u00e3ozinho (62); Sobrado (102); Sol\u00e2nea (204); Soledade (101); Sossego (8), Sousa (664); Sum\u00e9 (93);<\/p>\n\n\n\n<figure class=\"wp-block-image\"><img decoding=\"async\" data-src=\"https:\/\/paraibaonline.com.br\/wp-content\/uploads\/2020\/07\/MAPA-COVID-417x417.jpg\" alt=\"\" class=\"wp-image-913260 lazyload\" src=\"data:image\/svg+xml;base64,PHN2ZyB3aWR0aD0iMSIgaGVpZ2h0PSIxIiB4bWxucz0iaHR0cDovL3d3dy53My5vcmcvMjAwMC9zdmciPjwvc3ZnPg==\" style=\"--smush-placeholder-width: 417px; --smush-placeholder-aspect-ratio: 417\/417;\" \/><\/figure>\n\n\n\n<p>Tacima (91); Tapero\u00e1 (51); Tavares (32); Teixeira (88); Ten\u00f3rio (13); Triunfo (15); Uira\u00fana (30); Umbuzeiro (52); V\u00e1rzea (8); Vieir\u00f3polis (4); Vista Serrana (2), Zabel\u00ea (8).<\/p>\n\n\n\n<p>*Dados oficiais preliminares (fonte: SIM,e-sus VE e SIVEP) extra\u00eddos \u00e0s 10h do dia 11\/07, sujeitos a altera\u00e7\u00e3o por parte dos munic\u00edpios.<\/p>\n\n\n\n<p>21 \u00f3bitos foram registrados entre os dias 16 de abril e 10 de julho:<\/p>\n\n\n\n<p>Mulher, 87 anos. Residente em Cajazeiras. Portadora de doen\u00e7a renal. In\u00edcio dos sintomas em 01\/07, foi a \u00f3bito em hospital p\u00fablico no dia 10\/07.<\/p>\n\n\n\n<p>Homem, 64 anos. Residente em Cajazeiras. Hipertenso e diab\u00e9tico. In\u00edcio dos sintomas em 24\/06, foi a \u00f3bito em hospital p\u00fablico no dia 10\/07.<\/p>\n\n\n\n<p>Homem, 81 anos. Residente em Cabedelo. Portador de cardiopatia, doen\u00e7a neurol\u00f3gica e respirat\u00f3ria. In\u00edcio dos sintomas em 07\/06, foi a \u00f3bito em hospital p\u00fablico no dia 09\/07.<\/p>\n\n\n\n<p>Mulher, 95 anos. Residente em Mamanguape. cardiopata. In\u00edcio dos sintomas em 15\/06. Foi a \u00f3bito em hospital p\u00fablico no dia 30\/06.<\/p>\n\n\n\n<p>Mulher, 68 anos. Residente em Jo\u00e3o Pessoa. Cardiopata e hipertensa. In\u00edcio dos sintomas em 30\/05, foi a \u00f3bito em hospital p\u00fablico no dia 21\/06.<\/p>\n\n\n\n<p>Mulher, 83 anos. Residente em Jo\u00e3o Pessoa. Sem comorbidade. In\u00edcio dos sintomas em 22\/05, foi a \u00f3bito em hospital p\u00fablico no dia 20\/06.<\/p>\n\n\n\n<p>Homem, 78 anos. Residente em Jo\u00e3o Pessoa.Portador de doen\u00e7a neurol\u00f3gica e transtorno mental. In\u00edcio dos sintomas em 06\/06, foi a \u00f3bito em hospital p\u00fablico no dia 16\/06.<\/p>\n\n\n\n<p>Homem, 58 anos. Residente em Jo\u00e3o Pessoa. Diab\u00e9tico. In\u00edcio dos sintomas em 01\/06, foi a \u00f3bito em hospital p\u00fablico no dia 11\/06.<\/p>\n","protected":false},"excerpt":{"rendered":"<p>A Secretaria de Estado da Sa\u00fade divulgou neste s\u00e1bado, mais um boletim da Covid-19. De acordo com a SES, a Para\u00edba registrou 1.303 novos casos&hellip; <\/p>\n","protected":false},"author":2,"featured_media":178424,"comment_status":"closed","ping_status":"closed","sticky":false,"template":"","format":"standard","meta":{"sfsi_plus_gutenberg_text_before_share":"","sfsi_plus_gutenberg_show_text_before_share":"","sfsi_plus_gutenberg_icon_type":"","sfsi_plus_gutenberg_icon_alignemt":"","sfsi_plus_gutenburg_max_per_row":"","footnotes":""},"categories":[50,2],"tags":[],"class_list":["post-178423","post","type-post","status-publish","format-standard","has-post-thumbnail","hentry","category-destaque","category-geral"],"_links":{"self":[{"href":"https:\/\/www.caririemacao.com\/1\/wp-json\/wp\/v2\/posts\/178423","targetHints":{"allow":["GET"]}}],"collection":[{"href":"https:\/\/www.caririemacao.com\/1\/wp-json\/wp\/v2\/posts"}],"about":[{"href":"https:\/\/www.caririemacao.com\/1\/wp-json\/wp\/v2\/types\/post"}],"author":[{"embeddable":true,"href":"https:\/\/www.caririemacao.com\/1\/wp-json\/wp\/v2\/users\/2"}],"replies":[{"embeddable":true,"href":"https:\/\/www.caririemacao.com\/1\/wp-json\/wp\/v2\/comments?post=178423"}],"version-history":[{"count":1,"href":"https:\/\/www.caririemacao.com\/1\/wp-json\/wp\/v2\/posts\/178423\/revisions"}],"predecessor-version":[{"id":178425,"href":"https:\/\/www.caririemacao.com\/1\/wp-json\/wp\/v2\/posts\/178423\/revisions\/178425"}],"wp:featuredmedia":[{"embeddable":true,"href":"https:\/\/www.caririemacao.com\/1\/wp-json\/wp\/v2\/media\/178424"}],"wp:attachment":[{"href":"https:\/\/www.caririemacao.com\/1\/wp-json\/wp\/v2\/media?parent=178423"}],"wp:term":[{"taxonomy":"category","embeddable":true,"href":"https:\/\/www.caririemacao.com\/1\/wp-json\/wp\/v2\/categories?post=178423"},{"taxonomy":"post_tag","embeddable":true,"href":"https:\/\/www.caririemacao.com\/1\/wp-json\/wp\/v2\/tags?post=178423"}],"curies":[{"name":"wp","href":"https:\/\/api.w.org\/{rel}","templated":true}]}}