{"id":178430,"date":"2020-07-12T09:54:19","date_gmt":"2020-07-12T12:54:19","guid":{"rendered":"https:\/\/www.caririemacao.com\/1\/?p=178430"},"modified":"2020-07-12T09:54:19","modified_gmt":"2020-07-12T12:54:19","slug":"sbt-transmitira-decisao-do-estadual-entre-flamengo-e-fluminense","status":"publish","type":"post","link":"https:\/\/www.caririemacao.com\/1\/2020\/07\/12\/sbt-transmitira-decisao-do-estadual-entre-flamengo-e-fluminense\/","title":{"rendered":"SBT transmitir\u00e1 decis\u00e3o do estadual entre Flamengo e Fluminense"},"content":{"rendered":"\n<h1 class=\"wp-block-heading\"><\/h1>\n\n\n\n<p>&#8220;\u00c9 com muita alegria que informamos que o SBT acaba de firmar contrato com o Clube de Regatas do Flamengo para adquirir, com exclusividade em televis\u00e3o aberta e para todo territ\u00f3rio nacional, os direitos de transmiss\u00e3o do segundo jogo da final do Campeonato Carioca de 2020, a ser realizado no dia 15 de julho, \u00e0s 21:00, que disputar\u00e1 com o Fluminense F.C&#8221;, afirmou o canal em nota.<\/p>\n\n\n\n<p>&#8220;Esperamos poder realizar um grande evento, com muita qualidade e com a descontra\u00e7\u00e3o caracter\u00edstica do SBT para levar esse grande espet\u00e1culo aos torcedores, f\u00e3s do futebol e espectadores, especialmente neste momento t\u00e3o delicado em que vive o mundo e o pa\u00eds&#8221;, afirma a nota do SBT, assinada pela diretoria do canal&#8221;, completou a emissora, cujo comunicado foi assinado pela diretoria do SBT.<\/p>\n\n\n\n<p>Neste domingo (12), o jogo de ida da decis\u00e3o do estadual carioca ser\u00e1 transmitido pela FluTV, a TV oficial do Fluminense, que \u00e9 o mandante da partida, \u00e0s 16h.<\/p>\n\n\n\n<p>A FlaTV tamb\u00e9m far\u00e1 a transmiss\u00e3o, mas s\u00f3 com \u00e1udio, como ocorreu no cl\u00e1ssico da \u00faltima quarta-feira (8) entre as equipes, que terminou com vit\u00f3ria tricolor nos p\u00eanaltis e a conquista da Ta\u00e7a Rio.<\/p>\n\n\n\n<p>De acordo com a Medida Provis\u00f3ria 984, assinada pelo presidente Jair Bolsonaro (sem partido), os clubes mandantes ganharam o direito de negociar com quem quisessem a transmiss\u00e3o de suas partidas.<\/p>\n\n\n\n<p>Logo ap\u00f3s a publica\u00e7\u00e3o da MP no dia 18 de junho, o Flamengo passou a transmitir seus jogos na TV oficial do clube, a FlaTV.<\/p>\n\n\n\n<p>A Globo, que tinha contrato com os outros 11 participantes do estadual carioca e com a pr\u00f3pria Federa\u00e7\u00e3o de Futebol do Estado do Rio de Janeiro (Ferj) tentou impedir a transmiss\u00e3o, inclusive na Justi\u00e7a, mas sem sucesso.<\/p>\n\n\n\n<p>A Globo, ent\u00e3o, rescindiu seu contrato com a Ferj e abriu m\u00e3o dos jogos restantes da competi\u00e7\u00e3o.<\/p>\n","protected":false},"excerpt":{"rendered":"<p>&#8220;\u00c9 com muita alegria que informamos que o SBT acaba de firmar contrato com o Clube de Regatas do Flamengo para adquirir, com exclusividade em&hellip; <\/p>\n","protected":false},"author":2,"featured_media":178431,"comment_status":"closed","ping_status":"closed","sticky":false,"template":"","format":"standard","meta":{"sfsi_plus_gutenberg_text_before_share":"","sfsi_plus_gutenberg_show_text_before_share":"","sfsi_plus_gutenberg_icon_type":"","sfsi_plus_gutenberg_icon_alignemt":"","sfsi_plus_gutenburg_max_per_row":"","footnotes":""},"categories":[2],"tags":[],"class_list":["post-178430","post","type-post","status-publish","format-standard","has-post-thumbnail","hentry","category-geral"],"_links":{"self":[{"href":"https:\/\/www.caririemacao.com\/1\/wp-json\/wp\/v2\/posts\/178430","targetHints":{"allow":["GET"]}}],"collection":[{"href":"https:\/\/www.caririemacao.com\/1\/wp-json\/wp\/v2\/posts"}],"about":[{"href":"https:\/\/www.caririemacao.com\/1\/wp-json\/wp\/v2\/types\/post"}],"author":[{"embeddable":true,"href":"https:\/\/www.caririemacao.com\/1\/wp-json\/wp\/v2\/users\/2"}],"replies":[{"embeddable":true,"href":"https:\/\/www.caririemacao.com\/1\/wp-json\/wp\/v2\/comments?post=178430"}],"version-history":[{"count":1,"href":"https:\/\/www.caririemacao.com\/1\/wp-json\/wp\/v2\/posts\/178430\/revisions"}],"predecessor-version":[{"id":178432,"href":"https:\/\/www.caririemacao.com\/1\/wp-json\/wp\/v2\/posts\/178430\/revisions\/178432"}],"wp:featuredmedia":[{"embeddable":true,"href":"https:\/\/www.caririemacao.com\/1\/wp-json\/wp\/v2\/media\/178431"}],"wp:attachment":[{"href":"https:\/\/www.caririemacao.com\/1\/wp-json\/wp\/v2\/media?parent=178430"}],"wp:term":[{"taxonomy":"category","embeddable":true,"href":"https:\/\/www.caririemacao.com\/1\/wp-json\/wp\/v2\/categories?post=178430"},{"taxonomy":"post_tag","embeddable":true,"href":"https:\/\/www.caririemacao.com\/1\/wp-json\/wp\/v2\/tags?post=178430"}],"curies":[{"name":"wp","href":"https:\/\/api.w.org\/{rel}","templated":true}]}}