{"id":178479,"date":"2020-07-13T06:31:00","date_gmt":"2020-07-13T09:31:00","guid":{"rendered":"https:\/\/www.caririemacao.com\/1\/?p=178479"},"modified":"2020-07-13T06:31:56","modified_gmt":"2020-07-13T09:31:56","slug":"sume-confirma-2ao-morte-e-um-novo-caso-de-covid-19","status":"publish","type":"post","link":"https:\/\/www.caririemacao.com\/1\/2020\/07\/13\/sume-confirma-2ao-morte-e-um-novo-caso-de-covid-19\/","title":{"rendered":"Sum\u00e9 confirma 2\u00aa morte e um novo caso de Covid-19"},"content":{"rendered":"\n<p>A Secretaria Municipal de Sa\u00fade de Sum\u00e9 divulgou na tarde deste domingo, dia 12, de forma oficial, o boletim atualizado com os n\u00fameros do COVID 19 no munic\u00edpio.<\/p>\n\n\n\n<p>O novo boletim trouxe a confirma\u00e7\u00e3o do segundo \u00f3bito e de um novo caso, totalizando 101, 45 recuperados, 02 \u00f3bitos e 54 ativos.<\/p>\n\n\n\n<p>Em rela\u00e7\u00e3o ao \u00f3bito, a nossa reportagem de forma \u00e9tica, aguardou a confirma\u00e7\u00e3o oficial emitida pela \u00f3rg\u00e3o respons\u00e1vel por informar os dados a popula\u00e7\u00e3o.<\/p>\n\n\n\n<p>O segundo \u00f3bito \u00e9 do senhor Fernando Vieira da Silva, mais conhecido como Fernando da Serra. Ele tinha 70 anos e era servidor da Prefeitura de Sum\u00e9.<\/p>\n\n\n\n<p>O senhor Fernando estava internado no Hospital Jo\u00e3o XXIII em Campina Grande, e veio a \u00f3bito na noite deste s\u00e1bado (11). Ele tinha comorbidades e uma das causas de sua morte foi coronav\u00edrus.<\/p>\n\n\n\n<p>J\u00e1 o novo caso de covid 19 em Sum\u00e9, trata-se um paciente do sexo masculino, 67 anos, com comorbidades, morador do centro da cidade.<\/p>\n\n\n\n<p>A Prefeitura refor\u00e7a a popula\u00e7\u00e3o a necessidade de manter o distanciamento social, usar m\u00e1scara e higienizar sempre as m\u00e3os.<\/p>\n","protected":false},"excerpt":{"rendered":"<p>A Secretaria Municipal de Sa\u00fade de Sum\u00e9 divulgou na tarde deste domingo, dia 12, de forma oficial, o boletim atualizado com os n\u00fameros do COVID&hellip; <\/p>\n","protected":false},"author":1,"featured_media":157049,"comment_status":"closed","ping_status":"closed","sticky":false,"template":"","format":"standard","meta":{"sfsi_plus_gutenberg_text_before_share":"","sfsi_plus_gutenberg_show_text_before_share":"","sfsi_plus_gutenberg_icon_type":"","sfsi_plus_gutenberg_icon_alignemt":"","sfsi_plus_gutenburg_max_per_row":"","footnotes":""},"categories":[50,95],"tags":[],"class_list":["post-178479","post","type-post","status-publish","format-standard","has-post-thumbnail","hentry","category-destaque","category-sume"],"_links":{"self":[{"href":"https:\/\/www.caririemacao.com\/1\/wp-json\/wp\/v2\/posts\/178479","targetHints":{"allow":["GET"]}}],"collection":[{"href":"https:\/\/www.caririemacao.com\/1\/wp-json\/wp\/v2\/posts"}],"about":[{"href":"https:\/\/www.caririemacao.com\/1\/wp-json\/wp\/v2\/types\/post"}],"author":[{"embeddable":true,"href":"https:\/\/www.caririemacao.com\/1\/wp-json\/wp\/v2\/users\/1"}],"replies":[{"embeddable":true,"href":"https:\/\/www.caririemacao.com\/1\/wp-json\/wp\/v2\/comments?post=178479"}],"version-history":[{"count":3,"href":"https:\/\/www.caririemacao.com\/1\/wp-json\/wp\/v2\/posts\/178479\/revisions"}],"predecessor-version":[{"id":178482,"href":"https:\/\/www.caririemacao.com\/1\/wp-json\/wp\/v2\/posts\/178479\/revisions\/178482"}],"wp:featuredmedia":[{"embeddable":true,"href":"https:\/\/www.caririemacao.com\/1\/wp-json\/wp\/v2\/media\/157049"}],"wp:attachment":[{"href":"https:\/\/www.caririemacao.com\/1\/wp-json\/wp\/v2\/media?parent=178479"}],"wp:term":[{"taxonomy":"category","embeddable":true,"href":"https:\/\/www.caririemacao.com\/1\/wp-json\/wp\/v2\/categories?post=178479"},{"taxonomy":"post_tag","embeddable":true,"href":"https:\/\/www.caririemacao.com\/1\/wp-json\/wp\/v2\/tags?post=178479"}],"curies":[{"name":"wp","href":"https:\/\/api.w.org\/{rel}","templated":true}]}}