{"id":17848,"date":"2017-04-15T21:23:14","date_gmt":"2017-04-16T00:23:14","guid":{"rendered":"http:\/\/caririemacao.com\/1\/?p=17848"},"modified":"2017-04-15T21:23:14","modified_gmt":"2017-04-16T00:23:14","slug":"camara-de-sao-joao-do-cariri-emite-mensagem-de-feliz-pascoa","status":"publish","type":"post","link":"https:\/\/www.caririemacao.com\/1\/2017\/04\/15\/camara-de-sao-joao-do-cariri-emite-mensagem-de-feliz-pascoa\/","title":{"rendered":"C\u00e2mara de S\u00e3o Jo\u00e3o do Cariri emite mensagem de Feliz P\u00e1scoa"},"content":{"rendered":"<p>A C\u00e2mara Municipal de S\u00e3o Jo\u00e3o do Cariri, atrav\u00e9s de seu presidente H\u00e9lio Morais, emite Mensagem de Feliz P\u00e1scoa a todos os s\u00e3ojoanenses.<\/p>\n<p><strong>Confira abaixo mensagem emitida pela C\u00e2mara de S\u00e3o Jo\u00e3o do Cariri:<\/strong><\/p>\n<p><em>P\u00e1scoa\u2026<\/em><\/p>\n<p><em>\u00c9 ser capaz de mudar, \u00e9 partilhar a vida na esperan\u00e7a, \u00e9 lutar para vencer toda sorte de sofrimento. \u00c9 ajudar mais gente a ser gente, \u00e9 viver em constante liberta\u00e7\u00e3o, \u00e9 crer na vida que vence a morte. \u00c9 dizer sim ao amor e \u00e0 vida, \u00e9 investir na fraternidade, \u00e9 lutar por um mundo melhor, \u00e9 vivenciar a solidariedade. \u00c9 renascimento, \u00e9 recome\u00e7o, \u00e9 uma nova chance para melhorarmos as coisas que n\u00e3o gostamos em n\u00f3s, para sermos mais felizes por conhecermos a n\u00f3s mesmos mais um pouquinho. \u00c9 vermos que hoje\u2026 somos melhores do que fomos ontem.<\/em><\/p>\n<p><em>Desejamos a todos uma Feliz P\u00e1scoa, cheia de paz, amor e muita sa\u00fade!<br \/>\n<\/em><\/p>\n<p><strong>Vereador H\u00e9lio Morais<\/strong><\/p>\n<p>Presidente da C\u00e2mara Municipal de S\u00e3o Jo\u00e3o do Cariri<\/p>\n<p><strong>CARIRI EM A\u00c7\u00c3O<\/strong><\/p>\n<p>Leia mais not\u00edcias em\u00a0<a href=\"http:\/\/www.caririemacao.com\/\">caririemacao.com<\/a>, siga nossa p\u00e1gina no<a href=\"https:\/\/www.facebook.com\/CaririEmAcao\/\">\u00a0Facebook<\/a>\u00a0e\u00a0<a href=\"https:\/\/www.instagram.com\/cariri_em_acao\/?hl=pt-br\">Instagram<\/a>\u00a0veja nossas mat\u00e9rias e fotos. Voc\u00ea tamb\u00e9m pode enviar informa\u00e7\u00f5es \u00e0 Reda\u00e7\u00e3o do Portal Cariri em A\u00e7\u00e3o pelo WhatsApp (83) 9 9634.5791, (83) 9 9601-1162.<\/p>\n","protected":false},"excerpt":{"rendered":"<p>A C\u00e2mara Municipal de S\u00e3o Jo\u00e3o do Cariri, atrav\u00e9s de seu presidente H\u00e9lio Morais, emite Mensagem de Feliz P\u00e1scoa a todos os s\u00e3ojoanenses. Confira abaixo&hellip; <\/p>\n","protected":false},"author":2,"featured_media":17849,"comment_status":"closed","ping_status":"closed","sticky":false,"template":"","format":"standard","meta":{"sfsi_plus_gutenberg_text_before_share":"","sfsi_plus_gutenberg_show_text_before_share":"","sfsi_plus_gutenberg_icon_type":"","sfsi_plus_gutenberg_icon_alignemt":"","sfsi_plus_gutenburg_max_per_row":"","footnotes":""},"categories":[2],"tags":[],"class_list":["post-17848","post","type-post","status-publish","format-standard","has-post-thumbnail","hentry","category-geral"],"_links":{"self":[{"href":"https:\/\/www.caririemacao.com\/1\/wp-json\/wp\/v2\/posts\/17848","targetHints":{"allow":["GET"]}}],"collection":[{"href":"https:\/\/www.caririemacao.com\/1\/wp-json\/wp\/v2\/posts"}],"about":[{"href":"https:\/\/www.caririemacao.com\/1\/wp-json\/wp\/v2\/types\/post"}],"author":[{"embeddable":true,"href":"https:\/\/www.caririemacao.com\/1\/wp-json\/wp\/v2\/users\/2"}],"replies":[{"embeddable":true,"href":"https:\/\/www.caririemacao.com\/1\/wp-json\/wp\/v2\/comments?post=17848"}],"version-history":[{"count":0,"href":"https:\/\/www.caririemacao.com\/1\/wp-json\/wp\/v2\/posts\/17848\/revisions"}],"wp:featuredmedia":[{"embeddable":true,"href":"https:\/\/www.caririemacao.com\/1\/wp-json\/wp\/v2\/media\/17849"}],"wp:attachment":[{"href":"https:\/\/www.caririemacao.com\/1\/wp-json\/wp\/v2\/media?parent=17848"}],"wp:term":[{"taxonomy":"category","embeddable":true,"href":"https:\/\/www.caririemacao.com\/1\/wp-json\/wp\/v2\/categories?post=17848"},{"taxonomy":"post_tag","embeddable":true,"href":"https:\/\/www.caririemacao.com\/1\/wp-json\/wp\/v2\/tags?post=17848"}],"curies":[{"name":"wp","href":"https:\/\/api.w.org\/{rel}","templated":true}]}}