{"id":178491,"date":"2020-07-13T06:29:00","date_gmt":"2020-07-13T09:29:00","guid":{"rendered":"https:\/\/www.caririemacao.com\/1\/?p=178491"},"modified":"2020-07-13T06:29:09","modified_gmt":"2020-07-13T09:29:09","slug":"vereador-rivaldo-junior-desiste-de-pre-candidatura-e-sera-vice-de-arimatea-porto-em-santo-andre","status":"publish","type":"post","link":"https:\/\/www.caririemacao.com\/1\/2020\/07\/13\/vereador-rivaldo-junior-desiste-de-pre-candidatura-e-sera-vice-de-arimatea-porto-em-santo-andre\/","title":{"rendered":"Vereador Rivaldo J\u00fanior desiste de pr\u00e9-candidatura e ser\u00e1 vice de Arimatea Porto em Santo Andr\u00e9"},"content":{"rendered":"\n<p>A pol\u00edtica de Santo Andr\u00e9 continua em processo de reviravolta. Neste domingo (12), atrav\u00e9s de uma live no Facebook, o presidente da C\u00e2mara, Rivaldo J\u00fanior, anunciou a desist\u00eancia de sua pr\u00e9-candidatura e confirmou que apoiar\u00e1 Arimat\u00e9a Porto em seu projeto de reelei\u00e7\u00e3o.<\/p>\n\n\n\n<p>Rivaldo J\u00fanior foi al\u00e9m e de quebra, anunciou oficialmente que ser\u00e1 o companheiro de chapa de Arimateia, confirmando o que nos bastidores era tido como certa, a pr\u00e9-candidatura de Arimatea \u00e0 Prefeitura de Santo Andr\u00e9, especialmente ap\u00f3s a dificuldade de Silvana Marinho de retomar o mandato.<\/p>\n\n\n\n<p>Em sua fala, Rivaldo J\u00fanior diz que a decis\u00e3o partiu de uma reuni\u00e3o realizada entre os seus familiares e militantes do partido, e que viu que Arimatea Porto, em pouco tempo de gest\u00e3o, est\u00e1 fazendo um grande trabalho a frente da prefeitura.<\/p>\n\n\n\n<p>Arimatea e Rivaldo J\u00fanior disputar\u00e3o uma das elei\u00e7\u00f5es mais acirradas da hist\u00f3ria pol\u00edtica de Santo Andr\u00e9, onde ter\u00e3o na disputa os pr\u00e9-candidatos Edigley Amorim, em grupo liderado pela ex-prefeita Silvana Marinho e aliados, e Pedro de Neguinho junto a Nandiara Medeiros, cuja pr\u00e9-candidatura ficou consolidada no bloco de oposi\u00e7\u00e3o.<\/p>\n\n\n\n<p>Arimatea e Rivaldo J\u00fanior precisar\u00e3o correr atr\u00e1s do preju\u00edzo e contam com a for\u00e7a da Prefeitura para emplacar a chapa.<\/p>\n\n\n\n<p><strong>De Olho no Cariri<\/strong><\/p>\n","protected":false},"excerpt":{"rendered":"<p>A pol\u00edtica de Santo Andr\u00e9 continua em processo de reviravolta. Neste domingo (12), atrav\u00e9s de uma live no Facebook, o presidente da C\u00e2mara, Rivaldo J\u00fanior,&hellip; <\/p>\n","protected":false},"author":1,"featured_media":178492,"comment_status":"closed","ping_status":"closed","sticky":false,"template":"","format":"standard","meta":{"sfsi_plus_gutenberg_text_before_share":"","sfsi_plus_gutenberg_show_text_before_share":"","sfsi_plus_gutenberg_icon_type":"","sfsi_plus_gutenberg_icon_alignemt":"","sfsi_plus_gutenburg_max_per_row":"","footnotes":""},"categories":[50],"tags":[],"class_list":["post-178491","post","type-post","status-publish","format-standard","has-post-thumbnail","hentry","category-destaque"],"_links":{"self":[{"href":"https:\/\/www.caririemacao.com\/1\/wp-json\/wp\/v2\/posts\/178491","targetHints":{"allow":["GET"]}}],"collection":[{"href":"https:\/\/www.caririemacao.com\/1\/wp-json\/wp\/v2\/posts"}],"about":[{"href":"https:\/\/www.caririemacao.com\/1\/wp-json\/wp\/v2\/types\/post"}],"author":[{"embeddable":true,"href":"https:\/\/www.caririemacao.com\/1\/wp-json\/wp\/v2\/users\/1"}],"replies":[{"embeddable":true,"href":"https:\/\/www.caririemacao.com\/1\/wp-json\/wp\/v2\/comments?post=178491"}],"version-history":[{"count":1,"href":"https:\/\/www.caririemacao.com\/1\/wp-json\/wp\/v2\/posts\/178491\/revisions"}],"predecessor-version":[{"id":178493,"href":"https:\/\/www.caririemacao.com\/1\/wp-json\/wp\/v2\/posts\/178491\/revisions\/178493"}],"wp:featuredmedia":[{"embeddable":true,"href":"https:\/\/www.caririemacao.com\/1\/wp-json\/wp\/v2\/media\/178492"}],"wp:attachment":[{"href":"https:\/\/www.caririemacao.com\/1\/wp-json\/wp\/v2\/media?parent=178491"}],"wp:term":[{"taxonomy":"category","embeddable":true,"href":"https:\/\/www.caririemacao.com\/1\/wp-json\/wp\/v2\/categories?post=178491"},{"taxonomy":"post_tag","embeddable":true,"href":"https:\/\/www.caririemacao.com\/1\/wp-json\/wp\/v2\/tags?post=178491"}],"curies":[{"name":"wp","href":"https:\/\/api.w.org\/{rel}","templated":true}]}}