{"id":17852,"date":"2017-04-16T11:07:49","date_gmt":"2017-04-16T14:07:49","guid":{"rendered":"http:\/\/caririemacao.com\/1\/?p=17852"},"modified":"2017-04-16T11:07:49","modified_gmt":"2017-04-16T14:07:49","slug":"milhares-de-pessoas-sao-beneficiadas-com-peixe-distribuido-pela-prefeitura-de-monteiro","status":"publish","type":"post","link":"https:\/\/www.caririemacao.com\/1\/2017\/04\/16\/milhares-de-pessoas-sao-beneficiadas-com-peixe-distribuido-pela-prefeitura-de-monteiro\/","title":{"rendered":"Milhares de pessoas s\u00e3o beneficiadas com peixe distribu\u00eddo pela Prefeitura de Monteiro"},"content":{"rendered":"<p>A prefeitura de Monteiro distribuiu na tarde da \u00faltima quarta-feira, 12, no pr\u00e9dio do Mercad\u00e3o da Agricultura Familiar mais de 3 mil kg de peixe, beneficiando cerca de 4 mil pessoas oriundas de programas sociais e em situa\u00e7\u00e3o de vulnerabilidade social.<\/p>\n<p>Os benefici\u00e1rios cadastrados nos v\u00e1rios pontos de distribui\u00e7\u00e3o do Programa Sopa da Gente se concentraram no local e receberam o pescado de forma din\u00e2mica e organizada.<\/p>\n<p>A prefeita Anna Lorena participou pessoalmente da entrega ao lado da secret\u00e1ria Rosa Aleixo (Desenvolvimento Social), \u00f3rg\u00e3o respons\u00e1vel pela organiza\u00e7\u00e3o, e demais secret\u00e1rios municipais.<\/p>\n<p>\u201cEscolhemos centralizar a entrega para dinamiz\u00e1-la e assim podermos inclusive comungar da alegria, que este benef\u00edcio proporciona\u201d, disse Anna Lorena.<\/p>\n<p>\u201cGostar\u00edamos de ampliar esta entrega, mas fazemos o que fazemos com todo amor e carinho que nossa popula\u00e7\u00e3o merece\u201d, completou a prefeita.<\/p>\n<p>Al\u00e9m do peixe, neste s\u00e1bado, 15, ser\u00e3o distribu\u00eddos milhares de chocolates para as crian\u00e7as de Monteiro no per\u00edodo da tarde. A pr\u00f3pria prefeita participar\u00e1 da distribui\u00e7\u00e3o por diversos bairros da cidade.<\/p>\n<p><strong>CARIRI EM A\u00c7\u00c3O<\/strong><\/p>\n<p>Leia mais not\u00edcias em\u00a0<a href=\"http:\/\/www.caririemacao.com\/\">caririemacao.com<\/a>, siga nossa p\u00e1gina no<a href=\"https:\/\/www.facebook.com\/CaririEmAcao\/\">\u00a0Facebook<\/a>\u00a0e\u00a0<a href=\"https:\/\/www.instagram.com\/cariri_em_acao\/?hl=pt-br\">Instagram<\/a>\u00a0veja nossas mat\u00e9rias e fotos. Voc\u00ea tamb\u00e9m pode enviar informa\u00e7\u00f5es \u00e0 Reda\u00e7\u00e3o do Portal Cariri em A\u00e7\u00e3o pelo WhatsApp (83) 9 9634.5791, (83) 9 9601-1162.<\/p>\n","protected":false},"excerpt":{"rendered":"<p>A prefeitura de Monteiro distribuiu na tarde da \u00faltima quarta-feira, 12, no pr\u00e9dio do Mercad\u00e3o da Agricultura Familiar mais de 3 mil kg de peixe,&hellip; <\/p>\n","protected":false},"author":2,"featured_media":17853,"comment_status":"closed","ping_status":"closed","sticky":false,"template":"","format":"standard","meta":{"sfsi_plus_gutenberg_text_before_share":"","sfsi_plus_gutenberg_show_text_before_share":"","sfsi_plus_gutenberg_icon_type":"","sfsi_plus_gutenberg_icon_alignemt":"","sfsi_plus_gutenburg_max_per_row":"","footnotes":""},"categories":[6],"tags":[],"class_list":["post-17852","post","type-post","status-publish","format-standard","has-post-thumbnail","hentry","category-cidades"],"_links":{"self":[{"href":"https:\/\/www.caririemacao.com\/1\/wp-json\/wp\/v2\/posts\/17852","targetHints":{"allow":["GET"]}}],"collection":[{"href":"https:\/\/www.caririemacao.com\/1\/wp-json\/wp\/v2\/posts"}],"about":[{"href":"https:\/\/www.caririemacao.com\/1\/wp-json\/wp\/v2\/types\/post"}],"author":[{"embeddable":true,"href":"https:\/\/www.caririemacao.com\/1\/wp-json\/wp\/v2\/users\/2"}],"replies":[{"embeddable":true,"href":"https:\/\/www.caririemacao.com\/1\/wp-json\/wp\/v2\/comments?post=17852"}],"version-history":[{"count":0,"href":"https:\/\/www.caririemacao.com\/1\/wp-json\/wp\/v2\/posts\/17852\/revisions"}],"wp:featuredmedia":[{"embeddable":true,"href":"https:\/\/www.caririemacao.com\/1\/wp-json\/wp\/v2\/media\/17853"}],"wp:attachment":[{"href":"https:\/\/www.caririemacao.com\/1\/wp-json\/wp\/v2\/media?parent=17852"}],"wp:term":[{"taxonomy":"category","embeddable":true,"href":"https:\/\/www.caririemacao.com\/1\/wp-json\/wp\/v2\/categories?post=17852"},{"taxonomy":"post_tag","embeddable":true,"href":"https:\/\/www.caririemacao.com\/1\/wp-json\/wp\/v2\/tags?post=17852"}],"curies":[{"name":"wp","href":"https:\/\/api.w.org\/{rel}","templated":true}]}}