{"id":178530,"date":"2020-07-13T06:48:44","date_gmt":"2020-07-13T09:48:44","guid":{"rendered":"https:\/\/www.caririemacao.com\/1\/?p=178530"},"modified":"2020-07-13T06:48:44","modified_gmt":"2020-07-13T09:48:44","slug":"estudo-da-ufpb-busca-evidencias-de-remedio-natural-contra-covid-19","status":"publish","type":"post","link":"https:\/\/www.caririemacao.com\/1\/2020\/07\/13\/estudo-da-ufpb-busca-evidencias-de-remedio-natural-contra-covid-19\/","title":{"rendered":"Estudo da UFPB busca evid\u00eancias de rem\u00e9dio natural contra Covid-19"},"content":{"rendered":"\n<h2 class=\"wp-block-heading\"><\/h2>\n\n\n\n<p>Um estudo que busca evid\u00eancias de rem\u00e9dio natural para Covid-19, doen\u00e7a causada pelo novo coronav\u00edrus, est\u00e1 sendo realizado por um grupo de pesquisadores da Universidade Federal da Para\u00edba (UFPB). De acordo com os pesquisadores, o trabalho tem o intuito de compreender se o uso concomitante e\/ou preventivo de plantas medicinais e arom\u00e1ticas podem interferir na transmiss\u00e3o e no quadro cl\u00ednico antes, durante e ap\u00f3s a infec\u00e7\u00e3o pelo novo coronav\u00edrus.<br><br>O estudo \u00e9 fruto do Trabalho de Conclus\u00e3o de Curso (TCC) da estudante de Ci\u00eancias Agr\u00e1rias Roberta de Lima, no campus III, em Bananeiras, no Brejo paraibano.<br><br>De acordo com Marcos Barros, orientador do estudo, a ideia \u00e9 encontrar evid\u00eancias para criar um rem\u00e9dio natural que amenize os sintomas, melhorando o quadro sintomatol\u00f3gico ou diminuindo os efeitos mal\u00e9ficos do v\u00edrus, estimulando a imunidade do paciente e efic\u00e1cia no combate \u00e0 doen\u00e7a.<br><br>\u201cQueremos procurar informa\u00e7\u00f5es e conhecimentos relacionados ao emprego de ervas medicinais e arom\u00e1ticas, a partir da cria\u00e7\u00e3o de uma base de dados correlacionada ao contexto da Covid-19\u201d, afirmou Marcos Barros.<br><br>De acordo com a pesquisa, se forem encontrados ind\u00edcios, eles ser\u00e3o apresentados \u00e0 comunidade cient\u00edfica, aos governos e \u00e0 sociedade, com o objetivo de formular estrat\u00e9gias para o emprego de plantas medicinais e arom\u00e1ticas no enfrentamento da enfermidade.<br><br>\u201cEssas estrat\u00e9gias poder\u00e3o resultar em alguma medida comunit\u00e1ria concreta que sirva para mitigar os efeitos mal\u00e9ficos da doen\u00e7a, evitar mais transmiss\u00f5es, reduzir os impactos do surto e apoiar medidas de controle\u201d.<br><br>Os pesquisadores pesquisam outras alternativas para o tratamento da Covid-19, como o uso de fitoter\u00e1picos. Segundo eles, os resultados da pesquisa poder\u00e3o ser centrais no \u00e2mbito do Sistema \u00danico de Sa\u00fade (SUS).<\/p>\n","protected":false},"excerpt":{"rendered":"<p>Um estudo que busca evid\u00eancias de rem\u00e9dio natural para Covid-19, doen\u00e7a causada pelo novo coronav\u00edrus, est\u00e1 sendo realizado por um grupo de pesquisadores da Universidade&hellip; <\/p>\n","protected":false},"author":2,"featured_media":178531,"comment_status":"closed","ping_status":"closed","sticky":false,"template":"","format":"standard","meta":{"sfsi_plus_gutenberg_text_before_share":"","sfsi_plus_gutenberg_show_text_before_share":"","sfsi_plus_gutenberg_icon_type":"","sfsi_plus_gutenberg_icon_alignemt":"","sfsi_plus_gutenburg_max_per_row":"","footnotes":""},"categories":[16],"tags":[],"class_list":["post-178530","post","type-post","status-publish","format-standard","has-post-thumbnail","hentry","category-saude"],"_links":{"self":[{"href":"https:\/\/www.caririemacao.com\/1\/wp-json\/wp\/v2\/posts\/178530","targetHints":{"allow":["GET"]}}],"collection":[{"href":"https:\/\/www.caririemacao.com\/1\/wp-json\/wp\/v2\/posts"}],"about":[{"href":"https:\/\/www.caririemacao.com\/1\/wp-json\/wp\/v2\/types\/post"}],"author":[{"embeddable":true,"href":"https:\/\/www.caririemacao.com\/1\/wp-json\/wp\/v2\/users\/2"}],"replies":[{"embeddable":true,"href":"https:\/\/www.caririemacao.com\/1\/wp-json\/wp\/v2\/comments?post=178530"}],"version-history":[{"count":1,"href":"https:\/\/www.caririemacao.com\/1\/wp-json\/wp\/v2\/posts\/178530\/revisions"}],"predecessor-version":[{"id":178532,"href":"https:\/\/www.caririemacao.com\/1\/wp-json\/wp\/v2\/posts\/178530\/revisions\/178532"}],"wp:featuredmedia":[{"embeddable":true,"href":"https:\/\/www.caririemacao.com\/1\/wp-json\/wp\/v2\/media\/178531"}],"wp:attachment":[{"href":"https:\/\/www.caririemacao.com\/1\/wp-json\/wp\/v2\/media?parent=178530"}],"wp:term":[{"taxonomy":"category","embeddable":true,"href":"https:\/\/www.caririemacao.com\/1\/wp-json\/wp\/v2\/categories?post=178530"},{"taxonomy":"post_tag","embeddable":true,"href":"https:\/\/www.caririemacao.com\/1\/wp-json\/wp\/v2\/tags?post=178530"}],"curies":[{"name":"wp","href":"https:\/\/api.w.org\/{rel}","templated":true}]}}