{"id":17855,"date":"2017-04-16T11:09:55","date_gmt":"2017-04-16T14:09:55","guid":{"rendered":"http:\/\/caririemacao.com\/1\/?p=17855"},"modified":"2017-04-16T11:09:55","modified_gmt":"2017-04-16T14:09:55","slug":"fim-do-foro-privilegiado-lei-de-migracao-e-uber-devem-marcar-semana-no-senado","status":"publish","type":"post","link":"https:\/\/www.caririemacao.com\/1\/2017\/04\/16\/fim-do-foro-privilegiado-lei-de-migracao-e-uber-devem-marcar-semana-no-senado\/","title":{"rendered":"Fim do Foro Privilegiado, Lei de Migra\u00e7\u00e3o e Uber devem marcar semana no Senado"},"content":{"rendered":"<p>Alguns temas devem movimentar a pauta de vota\u00e7\u00f5es do Senado ap\u00f3s uma semana fraca, em que o qu\u00f3rum da Casa esteve esvaziado em raz\u00e3o do feriado da Semana Santa e da divulga\u00e7\u00e3o da lista de pol\u00edticos que ser\u00e3o investigados por determina\u00e7\u00e3o do Supremo Tribunal Federal (STF).<\/p>\n<p>Uma das principais mat\u00e9rias que s\u00e3o aguardadas para esta semana \u00e9 a Proposta de Emenda \u00e0 Constitui\u00e7\u00e3o (PEC) que acaba com o foro especial por prerrogativa de fun\u00e7\u00e3o. O texto j\u00e1 passou por quatro sess\u00f5es de discuss\u00e3o no plen\u00e1rio do Senado, mas retornou para receber parecer da Comiss\u00e3o de Constitui\u00e7\u00e3o e Justi\u00e7a da Casa por ter sido apensado a outra PEC sobre o mesmo tema. H\u00e1 a expectativa de que a proposta seja votada na quarta-feira (19), ap\u00f3s a leitura do parecer do senador Randolfe Rodrigues (Rede-AP).<\/p>\n<p>No plen\u00e1rio, os senadores podem aprovar o projeto de lei que trata sobre novas regras para migrantes no pa\u00eds. A proposta define os direitos e os deveres do migrante e do visitante no Brasil; regula a entrada e a perman\u00eancia de estrangeiros; e estabelece normas de prote\u00e7\u00e3o ao brasileiro no exterior.<\/p>\n<p>O projeto estabelece, entre outros pontos, puni\u00e7\u00e3o para o traficante de pessoas, ao tipificar como crime a a\u00e7\u00e3o de quem promove a entrada ilegal de estrangeiros em territ\u00f3rio nacional ou de brasileiro em pa\u00eds estrangeiro. E concede ainda anistia na forma de resid\u00eancia permanente aos imigrantes que, se ingressados no Brasil at\u00e9 6 de julho de 2016, fa\u00e7am o pedido at\u00e9 um ano ap\u00f3s o in\u00edcio de vig\u00eancia da lei, independentemente da situa\u00e7\u00e3o migrat\u00f3ria anterior.<\/p>\n<p>A mat\u00e9ria \u00e9 origin\u00e1ria do Senado, j\u00e1 passou pela C\u00e2mara, onde recebeu um substitutivo, e agora passa pela revis\u00e3o final dos senadores. Se for aprovado, o projeto seguir\u00e1 para san\u00e7\u00e3o do presidente Michel Temer.<\/p>\n<p><strong>Uber<\/strong><strong><br \/>\n<\/strong><br \/>\nOutro tema aguardado para a pr\u00f3xima semana no Senado \u00e9 o Projeto de Lei 5587\/16, que trata da regulamenta\u00e7\u00e3o de servi\u00e7os de transporte remunerado individual por meio de aplicativos, como o Uber e o Cabify. O texto determina uma s\u00e9rie de exig\u00eancias para que esse tipo de servi\u00e7o possa funcionar, incluindo uma autoriza\u00e7\u00e3o pr\u00e9via das prefeituras.<\/p>\n<p>A mat\u00e9ria, que provocou protestos por parte de motoristas desses aplicativos em Bras\u00edlia, \u00e9 pol\u00eamica. Alguns senadores j\u00e1 se manifestaram considerando que, na forma como est\u00e1, o texto deixar\u00e1 esse tipo de servi\u00e7o muito parecido ao dos t\u00e1xis.<\/p>\n<p><strong>CARIRI EM A\u00c7\u00c3O<\/strong><\/p>\n<p>Leia mais not\u00edcias em\u00a0<a href=\"http:\/\/www.caririemacao.com\/\">caririemacao.com<\/a>, siga nossa p\u00e1gina no<a href=\"https:\/\/www.facebook.com\/CaririEmAcao\/\">\u00a0Facebook<\/a>\u00a0e\u00a0<a href=\"https:\/\/www.instagram.com\/cariri_em_acao\/?hl=pt-br\">Instagram<\/a>\u00a0veja nossas mat\u00e9rias e fotos. Voc\u00ea tamb\u00e9m pode enviar informa\u00e7\u00f5es \u00e0 Reda\u00e7\u00e3o do Portal Cariri em A\u00e7\u00e3o pelo WhatsApp (83) 9 9634.5791, (83) 9 9601-1162.<\/p>\n","protected":false},"excerpt":{"rendered":"<p>Alguns temas devem movimentar a pauta de vota\u00e7\u00f5es do Senado ap\u00f3s uma semana fraca, em que o qu\u00f3rum da Casa esteve esvaziado em raz\u00e3o do&hellip; <\/p>\n","protected":false},"author":2,"featured_media":17856,"comment_status":"closed","ping_status":"closed","sticky":false,"template":"","format":"standard","meta":{"sfsi_plus_gutenberg_text_before_share":"","sfsi_plus_gutenberg_show_text_before_share":"","sfsi_plus_gutenberg_icon_type":"","sfsi_plus_gutenberg_icon_alignemt":"","sfsi_plus_gutenburg_max_per_row":"","footnotes":""},"categories":[11],"tags":[],"class_list":["post-17855","post","type-post","status-publish","format-standard","has-post-thumbnail","hentry","category-politica"],"_links":{"self":[{"href":"https:\/\/www.caririemacao.com\/1\/wp-json\/wp\/v2\/posts\/17855","targetHints":{"allow":["GET"]}}],"collection":[{"href":"https:\/\/www.caririemacao.com\/1\/wp-json\/wp\/v2\/posts"}],"about":[{"href":"https:\/\/www.caririemacao.com\/1\/wp-json\/wp\/v2\/types\/post"}],"author":[{"embeddable":true,"href":"https:\/\/www.caririemacao.com\/1\/wp-json\/wp\/v2\/users\/2"}],"replies":[{"embeddable":true,"href":"https:\/\/www.caririemacao.com\/1\/wp-json\/wp\/v2\/comments?post=17855"}],"version-history":[{"count":0,"href":"https:\/\/www.caririemacao.com\/1\/wp-json\/wp\/v2\/posts\/17855\/revisions"}],"wp:featuredmedia":[{"embeddable":true,"href":"https:\/\/www.caririemacao.com\/1\/wp-json\/wp\/v2\/media\/17856"}],"wp:attachment":[{"href":"https:\/\/www.caririemacao.com\/1\/wp-json\/wp\/v2\/media?parent=17855"}],"wp:term":[{"taxonomy":"category","embeddable":true,"href":"https:\/\/www.caririemacao.com\/1\/wp-json\/wp\/v2\/categories?post=17855"},{"taxonomy":"post_tag","embeddable":true,"href":"https:\/\/www.caririemacao.com\/1\/wp-json\/wp\/v2\/tags?post=17855"}],"curies":[{"name":"wp","href":"https:\/\/api.w.org\/{rel}","templated":true}]}}