{"id":17865,"date":"2017-04-16T11:19:13","date_gmt":"2017-04-16T14:19:13","guid":{"rendered":"http:\/\/caririemacao.com\/1\/?p=17865"},"modified":"2017-04-16T11:19:13","modified_gmt":"2017-04-16T14:19:13","slug":"romero-lanca-o-maior-sao-joao-do-mundo-2017-dia-19-em-campina-grande","status":"publish","type":"post","link":"https:\/\/www.caririemacao.com\/1\/2017\/04\/16\/romero-lanca-o-maior-sao-joao-do-mundo-2017-dia-19-em-campina-grande\/","title":{"rendered":"Romero lan\u00e7a o Maior S\u00e3o Jo\u00e3o do Mundo 2017 dia 19, em Campina Grande"},"content":{"rendered":"<p>O prefeito Romero Rodrigues lan\u00e7ar\u00e1, na pr\u00f3xima quarta-feira (19), a edi\u00e7\u00e3o deste ano do Maior S\u00e3o Jo\u00e3o do Mundo, em Campina Grande, a 130 quil\u00f4metros de Jo\u00e3o Pessoa. A solenidade ser\u00e1 realizada no audit\u00f3rio da Federa\u00e7\u00e3o das Ind\u00fastrias do Estado da Para\u00edba (Fiep), a partir das 10h. Na ocasi\u00e3o, o gestor anunciar\u00e1, em conjunto com a empresa Alian\u00e7a, as novidades da festa para este ano.<\/p>\n<p>De acordo com Romero Rodrigues, este ano a Parceria P\u00fablico Privada (PPP) proporcionar\u00e1 uma economia, de no m\u00ednimo, R$ 5 milh\u00f5es, que dever\u00e3o ser aplicado na constru\u00e7\u00e3o de uma nova unidade hospitalar na cidade.<\/p>\n<p>Na condi\u00e7\u00e3o de coordenador geral da festa, o prefeito j\u00e1 esteve fazendo a vistoria da montagem da nova estrutura do Parque do Povo que abrigar\u00e1 o maior evento tur\u00edstico do estado, marcado para acontecer de 2 de junho at\u00e9 2 de julho.<\/p>\n<p>Sobre o fluxo tur\u00edstico, o prefeito confirmou ter mantido contatos com autoridades federais, recebendo a garantia de uma divulga\u00e7\u00e3o nacional do Maior S\u00e3o Jo\u00e3o do Mundo.<\/p>\n<p><strong>CARIRI EM A\u00c7\u00c3O<\/strong><\/p>\n<p><em>Portal Correio<\/em><\/p>\n<p>Leia mais not\u00edcias em\u00a0<a href=\"http:\/\/www.caririemacao.com\/\">caririemacao.com<\/a>, siga nossa p\u00e1gina no<a href=\"https:\/\/www.facebook.com\/CaririEmAcao\/\">\u00a0Facebook<\/a>\u00a0e\u00a0<a href=\"https:\/\/www.instagram.com\/cariri_em_acao\/?hl=pt-br\">Instagram<\/a>\u00a0veja nossas mat\u00e9rias e fotos. Voc\u00ea tamb\u00e9m pode enviar informa\u00e7\u00f5es \u00e0 Reda\u00e7\u00e3o do Portal Cariri em A\u00e7\u00e3o pelo WhatsApp (83) 9 9634.5791, (83) 9 9601-1162.<\/p>\n","protected":false},"excerpt":{"rendered":"<p>O prefeito Romero Rodrigues lan\u00e7ar\u00e1, na pr\u00f3xima quarta-feira (19), a edi\u00e7\u00e3o deste ano do Maior S\u00e3o Jo\u00e3o do Mundo, em Campina Grande, a 130 quil\u00f4metros&hellip; <\/p>\n","protected":false},"author":2,"featured_media":17866,"comment_status":"closed","ping_status":"closed","sticky":false,"template":"","format":"standard","meta":{"sfsi_plus_gutenberg_text_before_share":"","sfsi_plus_gutenberg_show_text_before_share":"","sfsi_plus_gutenberg_icon_type":"","sfsi_plus_gutenberg_icon_alignemt":"","sfsi_plus_gutenburg_max_per_row":"","footnotes":""},"categories":[2],"tags":[],"class_list":["post-17865","post","type-post","status-publish","format-standard","has-post-thumbnail","hentry","category-geral"],"_links":{"self":[{"href":"https:\/\/www.caririemacao.com\/1\/wp-json\/wp\/v2\/posts\/17865","targetHints":{"allow":["GET"]}}],"collection":[{"href":"https:\/\/www.caririemacao.com\/1\/wp-json\/wp\/v2\/posts"}],"about":[{"href":"https:\/\/www.caririemacao.com\/1\/wp-json\/wp\/v2\/types\/post"}],"author":[{"embeddable":true,"href":"https:\/\/www.caririemacao.com\/1\/wp-json\/wp\/v2\/users\/2"}],"replies":[{"embeddable":true,"href":"https:\/\/www.caririemacao.com\/1\/wp-json\/wp\/v2\/comments?post=17865"}],"version-history":[{"count":0,"href":"https:\/\/www.caririemacao.com\/1\/wp-json\/wp\/v2\/posts\/17865\/revisions"}],"wp:featuredmedia":[{"embeddable":true,"href":"https:\/\/www.caririemacao.com\/1\/wp-json\/wp\/v2\/media\/17866"}],"wp:attachment":[{"href":"https:\/\/www.caririemacao.com\/1\/wp-json\/wp\/v2\/media?parent=17865"}],"wp:term":[{"taxonomy":"category","embeddable":true,"href":"https:\/\/www.caririemacao.com\/1\/wp-json\/wp\/v2\/categories?post=17865"},{"taxonomy":"post_tag","embeddable":true,"href":"https:\/\/www.caririemacao.com\/1\/wp-json\/wp\/v2\/tags?post=17865"}],"curies":[{"name":"wp","href":"https:\/\/api.w.org\/{rel}","templated":true}]}}