{"id":17870,"date":"2017-04-16T11:23:00","date_gmt":"2017-04-16T14:23:00","guid":{"rendered":"http:\/\/caririemacao.com\/1\/?p=17870"},"modified":"2017-04-16T11:23:00","modified_gmt":"2017-04-16T14:23:00","slug":"pastor-everaldo-recebeu-propina-para-favorecer-aecio-neves-em-debate","status":"publish","type":"post","link":"https:\/\/www.caririemacao.com\/1\/2017\/04\/16\/pastor-everaldo-recebeu-propina-para-favorecer-aecio-neves-em-debate\/","title":{"rendered":"Pastor Everaldo recebeu propina para favorecer A\u00e9cio Neves em debate"},"content":{"rendered":"<p>Fernando Reis, ex-diretor da Odebrecht Ambiental, afirmou em depoimento que, na campanha presidencial de 2014, pediu ao ent\u00e3o candidato a presidente Pastor Everaldo (PSC) que ajudasse o candidato A\u00e9cio Neves (PSDB) no debate eleitoral do primeiro turno.<\/p>\n<p>De acordo com Reis, a inten\u00e7\u00e3o era que o tucano tivesse mais tempo para expor suas ideias e, assim pudesse chegar ao segundo turno. O executivo n\u00e3o esclareceu se A\u00e9cio tinha conhecimento do pedido feito a Pastor Everaldo. Ele ainda disse que, analisando o debate dos presidenci\u00e1veis no primeiro turno, \u00e9 poss\u00edvel perceber que o Pastor \u201cfez perguntas simples, in\u00f3cuas, para que o candidato A\u00e9cio pudesse ter tempo na televis\u00e3o\u201d.<\/p>\n<p>Essa orienta\u00e7\u00e3o foi dada depois que a candidatura de Pastor Everaldo perdeu f\u00f4lego. Quando Marina Silva herdou a candidatura de Eduardo Campos, morto em um acidente a\u00e9reo, o eleitorado de Pastor Everaldo, formado em grande parte por evang\u00e9licos, migrou para ela. \u201cEle j\u00e1 entendia que a candidatura dele tinha terminado. Ent\u00e3o, como a gente se sentia de alguma forma credor por ter contribu\u00eddo tanto para a campanha dele, eu sugeri a ele que usasse o tempo do debate sempre pra perguntar ao candidato A\u00e9cio\u201d, detalhou Reis.<\/p>\n<p>Diversos repasses foram autorizados por Reis para a campanha de Everaldo, via caixa dois, a partir do fim de 2013. O valor total chega a aproximadamente R$ 6 milh\u00f5es, segundo o delator. Os pagamentos foram feitos a Rog\u00e9rio Vargas, que costumava acompanhar Pastor Everaldo nas reuni\u00f5es com os executivos da Odebrecht.<\/p>\n<p>A dela\u00e7\u00e3o de Renato Medeiros tamb\u00e9m menciona pagamentos feitos ao ent\u00e3o candidato do PSC por meio de Vargas. O delator contou \u00e0 Procuradoria que um dos pagamentos, no valor de R$ 1 milh\u00e3o, foi feito em duas parcelas de R$ 500 mil. \u201cNesse caso espec\u00edfico, pelo que me recordo, esse pagamento seria feito no escrit\u00f3rio do senhor Rog\u00e9rio Vargas\u201d, disse.<\/p>\n<p>O Pastor Everaldo disse em nota que \u201ctodas as doa\u00e7\u00f5es recebidas pela sua campanha, em 2014, obedeceram \u00e0 legisla\u00e7\u00e3o vigente\u201d. Afirmou ainda que confia na Justi\u00e7a e que \u201cobrigar\u00e1 as pessoas envolvidas em acordos de colabora\u00e7\u00e3o a comprovar as supostas acusa\u00e7\u00f5es\u201d.<\/p>\n<p><strong>CARIRI EM A\u00c7\u00c3O<\/strong><\/p>\n<p>Leia mais not\u00edcias em\u00a0<a href=\"http:\/\/www.caririemacao.com\/\">caririemacao.com<\/a>, siga nossa p\u00e1gina no<a href=\"https:\/\/www.facebook.com\/CaririEmAcao\/\">\u00a0Facebook<\/a>\u00a0e\u00a0<a href=\"https:\/\/www.instagram.com\/cariri_em_acao\/?hl=pt-br\">Instagram<\/a>\u00a0veja nossas mat\u00e9rias e fotos. Voc\u00ea tamb\u00e9m pode enviar informa\u00e7\u00f5es \u00e0 Reda\u00e7\u00e3o do Portal Cariri em A\u00e7\u00e3o pelo WhatsApp (83) 9 9634.5791, (83) 9 9601-1162.<\/p>\n","protected":false},"excerpt":{"rendered":"<p>Fernando Reis, ex-diretor da Odebrecht Ambiental, afirmou em depoimento que, na campanha presidencial de 2014, pediu ao ent\u00e3o candidato a presidente Pastor Everaldo (PSC) que&hellip; <\/p>\n","protected":false},"author":2,"featured_media":17871,"comment_status":"closed","ping_status":"closed","sticky":false,"template":"","format":"standard","meta":{"sfsi_plus_gutenberg_text_before_share":"","sfsi_plus_gutenberg_show_text_before_share":"","sfsi_plus_gutenberg_icon_type":"","sfsi_plus_gutenberg_icon_alignemt":"","sfsi_plus_gutenburg_max_per_row":"","footnotes":""},"categories":[11],"tags":[],"class_list":["post-17870","post","type-post","status-publish","format-standard","has-post-thumbnail","hentry","category-politica"],"_links":{"self":[{"href":"https:\/\/www.caririemacao.com\/1\/wp-json\/wp\/v2\/posts\/17870","targetHints":{"allow":["GET"]}}],"collection":[{"href":"https:\/\/www.caririemacao.com\/1\/wp-json\/wp\/v2\/posts"}],"about":[{"href":"https:\/\/www.caririemacao.com\/1\/wp-json\/wp\/v2\/types\/post"}],"author":[{"embeddable":true,"href":"https:\/\/www.caririemacao.com\/1\/wp-json\/wp\/v2\/users\/2"}],"replies":[{"embeddable":true,"href":"https:\/\/www.caririemacao.com\/1\/wp-json\/wp\/v2\/comments?post=17870"}],"version-history":[{"count":0,"href":"https:\/\/www.caririemacao.com\/1\/wp-json\/wp\/v2\/posts\/17870\/revisions"}],"wp:featuredmedia":[{"embeddable":true,"href":"https:\/\/www.caririemacao.com\/1\/wp-json\/wp\/v2\/media\/17871"}],"wp:attachment":[{"href":"https:\/\/www.caririemacao.com\/1\/wp-json\/wp\/v2\/media?parent=17870"}],"wp:term":[{"taxonomy":"category","embeddable":true,"href":"https:\/\/www.caririemacao.com\/1\/wp-json\/wp\/v2\/categories?post=17870"},{"taxonomy":"post_tag","embeddable":true,"href":"https:\/\/www.caririemacao.com\/1\/wp-json\/wp\/v2\/tags?post=17870"}],"curies":[{"name":"wp","href":"https:\/\/api.w.org\/{rel}","templated":true}]}}