{"id":178721,"date":"2020-07-14T08:10:03","date_gmt":"2020-07-14T11:10:03","guid":{"rendered":"https:\/\/www.caririemacao.com\/1\/?p=178721"},"modified":"2020-07-14T08:10:03","modified_gmt":"2020-07-14T11:10:03","slug":"com-novos-casos-de-covid-19-serra-branca-chega-a-101-confirmados","status":"publish","type":"post","link":"https:\/\/www.caririemacao.com\/1\/2020\/07\/14\/com-novos-casos-de-covid-19-serra-branca-chega-a-101-confirmados\/","title":{"rendered":"Com novos casos de Covid-19, Serra Branca chega a 101 confirmados"},"content":{"rendered":"\n<h1 class=\"wp-block-heading\"><\/h1>\n\n\n\n<p>Com seis novos casos do novo coronav\u00edrus confirmados nesta segunda-feira(13\/07), pela secretaria de sa\u00fade de Serra Branca, o munic\u00edpio j\u00e1 totaliza 101.<\/p>\n\n\n\n<p>Levando em considera\u00e7\u00e3o os registros por localidade, hoje, o Centro \u00e9 onde t\u00eam mais casos, sendo 36.&nbsp;&nbsp;E segundo lugar est\u00e1 o bairro dos Pereiros com 18.<\/p>\n\n\n\n<p>Os dados seguem: S\u00edtio Angico:08; Resid. Fora do munic\u00edpio: 07; Pil\u00e3o: 06; S\u00edtio Balan\u00e7o: 06; S\u00edtio Feij\u00e3o: 06; S\u00edtio Concei\u00e7\u00e3o: 03; Ah\u00fa:03; Alto da Concei\u00e7\u00e3o: 02; S\u00edtio Caititu: 01; Malvinas: 01; S\u00edtio Jeric\u00f3: 01 e S\u00edtio Lagoinha: 01.<\/p>\n\n\n\n<p>Hoje Serra Branca tem: 821 notificados; 48 em tratamento; 51 Recuperados\/curados; 02 \u00f3bitos; 40 suspeitos e 680 descartados.<\/p>\n\n\n\n<p>Focando Para\u00edba<\/p>\n","protected":false},"excerpt":{"rendered":"<p>Com seis novos casos do novo coronav\u00edrus confirmados nesta segunda-feira(13\/07), pela secretaria de sa\u00fade de Serra Branca, o munic\u00edpio j\u00e1 totaliza 101. Levando em considera\u00e7\u00e3o&hellip; <\/p>\n","protected":false},"author":2,"featured_media":178722,"comment_status":"closed","ping_status":"closed","sticky":false,"template":"","format":"standard","meta":{"sfsi_plus_gutenberg_text_before_share":"","sfsi_plus_gutenberg_show_text_before_share":"","sfsi_plus_gutenberg_icon_type":"","sfsi_plus_gutenberg_icon_alignemt":"","sfsi_plus_gutenburg_max_per_row":"","footnotes":""},"categories":[2],"tags":[],"class_list":["post-178721","post","type-post","status-publish","format-standard","has-post-thumbnail","hentry","category-geral"],"_links":{"self":[{"href":"https:\/\/www.caririemacao.com\/1\/wp-json\/wp\/v2\/posts\/178721","targetHints":{"allow":["GET"]}}],"collection":[{"href":"https:\/\/www.caririemacao.com\/1\/wp-json\/wp\/v2\/posts"}],"about":[{"href":"https:\/\/www.caririemacao.com\/1\/wp-json\/wp\/v2\/types\/post"}],"author":[{"embeddable":true,"href":"https:\/\/www.caririemacao.com\/1\/wp-json\/wp\/v2\/users\/2"}],"replies":[{"embeddable":true,"href":"https:\/\/www.caririemacao.com\/1\/wp-json\/wp\/v2\/comments?post=178721"}],"version-history":[{"count":1,"href":"https:\/\/www.caririemacao.com\/1\/wp-json\/wp\/v2\/posts\/178721\/revisions"}],"predecessor-version":[{"id":178723,"href":"https:\/\/www.caririemacao.com\/1\/wp-json\/wp\/v2\/posts\/178721\/revisions\/178723"}],"wp:featuredmedia":[{"embeddable":true,"href":"https:\/\/www.caririemacao.com\/1\/wp-json\/wp\/v2\/media\/178722"}],"wp:attachment":[{"href":"https:\/\/www.caririemacao.com\/1\/wp-json\/wp\/v2\/media?parent=178721"}],"wp:term":[{"taxonomy":"category","embeddable":true,"href":"https:\/\/www.caririemacao.com\/1\/wp-json\/wp\/v2\/categories?post=178721"},{"taxonomy":"post_tag","embeddable":true,"href":"https:\/\/www.caririemacao.com\/1\/wp-json\/wp\/v2\/tags?post=178721"}],"curies":[{"name":"wp","href":"https:\/\/api.w.org\/{rel}","templated":true}]}}