{"id":178725,"date":"2020-07-14T08:54:23","date_gmt":"2020-07-14T11:54:23","guid":{"rendered":"https:\/\/www.caririemacao.com\/1\/?p=178725"},"modified":"2020-07-14T08:54:23","modified_gmt":"2020-07-14T11:54:23","slug":"monteiro-avanca-e-alcanca-bandeira-amarela-no-plano-novo-normal-gracas-a-acoes-da-gestao-municipal-veja-o-que-muda","status":"publish","type":"post","link":"https:\/\/www.caririemacao.com\/1\/2020\/07\/14\/monteiro-avanca-e-alcanca-bandeira-amarela-no-plano-novo-normal-gracas-a-acoes-da-gestao-municipal-veja-o-que-muda\/","title":{"rendered":"Monteiro avan\u00e7a e alcan\u00e7a bandeira amarela no PLANO NOVO NORMAL gra\u00e7as a a\u00e7\u00f5es da gest\u00e3o municipal.Veja o que muda"},"content":{"rendered":"\n<h3 class=\"wp-block-heading\"><\/h3>\n\n\n\n<p><strong><br><\/strong>Monteiro avan\u00e7ou e alcan\u00e7ou a bandeira amarela, ap\u00f3s 14 dias de avalia\u00e7\u00e3o de uma s\u00e9rie de fatores em rela\u00e7\u00e3o ao combate da COVID-19 e as a\u00e7\u00f5es que est\u00e3o sendo realizadas no munic\u00edpio.<br>As novas bandeiras que estabelecem a matriz de orienta\u00e7\u00e3o para a retomada gradual das atividades em toda a Para\u00edba foram divulgadas na noite deste s\u00e1bado (11) e j\u00e1 est\u00e3o dispon\u00edveis na p\u00e1gina oficial do Governo do Estado, onde \u00e9 poss\u00edvel ver as listas com todas as bandeiras.<br>\u201cEste avan\u00e7o \u00e9 fruto de um trabalho conjunto coordenado pela gest\u00e3o municipal, contando com a colabora\u00e7\u00e3o da sociedade, e suas representa\u00e7\u00f5es como comerciantes, empres\u00e1rios, profissionais, popula\u00e7\u00e3o em geral e principalmente os guerreiros da equipe da sa\u00fade e demais colaboradores nas a\u00e7\u00f5es que implementamos desde o in\u00edcio da pandemia, muitas delas de forma pioneira no estado\u201d, afirmou a prefeita Anna Lorena<br>O QUE MUDA<br>Com a classifica\u00e7\u00e3o de BANDEIRA AMARELA, atrav\u00e9s de decreto, a gest\u00e3o municipal poder\u00e1 autorizar o funcionamento de hot\u00e9is, pousadas e afins; com\u00e9rcio; shoppings centers; com\u00e9rcio popular (camel\u00f4s) e servi\u00e7os em geral; e escolinhas de esporte sem contato f\u00edsico (nata\u00e7\u00e3o e t\u00eanis, por exemplo).<br>TAMB\u00c9M EST\u00c3O LIBERADOS<br>Est\u00e3o liberados para o funcionamento, em qualquer bandeira, sal\u00f5es de beleza e barbearias, atendendo exclusivamente por agendamento pr\u00e9vio e sem aglomera\u00e7\u00e3o de pessoas nas suas depend\u00eancias e observando todas as normas de distanciamento social; shoppings centers, exclusivamente para entrega de mercadorias por meio de (delivery), inclusive por aplicativos, e como pontos de retirada de mercadorias (drive trhu), vedado, em qualquer caso, o atendimento presencial de clientes dentro das suas depend\u00eancias; as lojas e estabelecimentos comerciais, exclusivamente para entrega de mercadorias (delivery); missas, cultos e demais cerim\u00f4nias religiosas poder\u00e3o ser realizadas online, por meio de sistema de drive-in e nas sedes das igrejas e templos, neste caso com ocupa\u00e7\u00e3o m\u00e1xima de 30% da capacidade e observando todas as normas de distanciamento social; hot\u00e9is, pousadas e similares, exclusivamente para atendimentos relacionados \u00e0 pandemia do novo coronav\u00edrus; estabelecimentos que trabalham com loca\u00e7\u00e3o de ve\u00edculos; e treinamentos de atletas profissionais, observando todas as normas de distanciamento social.<\/p>\n\n\n\n<p><\/p>\n\n\n\n<p>Blog do F\u00e1bio Brito<\/p>\n","protected":false},"excerpt":{"rendered":"<p>Monteiro avan\u00e7ou e alcan\u00e7ou a bandeira amarela, ap\u00f3s 14 dias de avalia\u00e7\u00e3o de uma s\u00e9rie de fatores em rela\u00e7\u00e3o ao combate da COVID-19 e as&hellip; <\/p>\n","protected":false},"author":2,"featured_media":178726,"comment_status":"closed","ping_status":"closed","sticky":false,"template":"","format":"standard","meta":{"sfsi_plus_gutenberg_text_before_share":"","sfsi_plus_gutenberg_show_text_before_share":"","sfsi_plus_gutenberg_icon_type":"","sfsi_plus_gutenberg_icon_alignemt":"","sfsi_plus_gutenburg_max_per_row":"","footnotes":""},"categories":[2],"tags":[],"class_list":["post-178725","post","type-post","status-publish","format-standard","has-post-thumbnail","hentry","category-geral"],"_links":{"self":[{"href":"https:\/\/www.caririemacao.com\/1\/wp-json\/wp\/v2\/posts\/178725","targetHints":{"allow":["GET"]}}],"collection":[{"href":"https:\/\/www.caririemacao.com\/1\/wp-json\/wp\/v2\/posts"}],"about":[{"href":"https:\/\/www.caririemacao.com\/1\/wp-json\/wp\/v2\/types\/post"}],"author":[{"embeddable":true,"href":"https:\/\/www.caririemacao.com\/1\/wp-json\/wp\/v2\/users\/2"}],"replies":[{"embeddable":true,"href":"https:\/\/www.caririemacao.com\/1\/wp-json\/wp\/v2\/comments?post=178725"}],"version-history":[{"count":1,"href":"https:\/\/www.caririemacao.com\/1\/wp-json\/wp\/v2\/posts\/178725\/revisions"}],"predecessor-version":[{"id":178727,"href":"https:\/\/www.caririemacao.com\/1\/wp-json\/wp\/v2\/posts\/178725\/revisions\/178727"}],"wp:featuredmedia":[{"embeddable":true,"href":"https:\/\/www.caririemacao.com\/1\/wp-json\/wp\/v2\/media\/178726"}],"wp:attachment":[{"href":"https:\/\/www.caririemacao.com\/1\/wp-json\/wp\/v2\/media?parent=178725"}],"wp:term":[{"taxonomy":"category","embeddable":true,"href":"https:\/\/www.caririemacao.com\/1\/wp-json\/wp\/v2\/categories?post=178725"},{"taxonomy":"post_tag","embeddable":true,"href":"https:\/\/www.caririemacao.com\/1\/wp-json\/wp\/v2\/tags?post=178725"}],"curies":[{"name":"wp","href":"https:\/\/api.w.org\/{rel}","templated":true}]}}