{"id":17873,"date":"2017-04-16T11:25:17","date_gmt":"2017-04-16T14:25:17","guid":{"rendered":"http:\/\/caririemacao.com\/1\/?p=17873"},"modified":"2017-04-16T11:25:17","modified_gmt":"2017-04-16T14:25:17","slug":"papa-francisco-implora-pela-paz-na-siria-e-no-oriente-medio","status":"publish","type":"post","link":"https:\/\/www.caririemacao.com\/1\/2017\/04\/16\/papa-francisco-implora-pela-paz-na-siria-e-no-oriente-medio\/","title":{"rendered":"Papa Francisco implora pela paz na S\u00edria e no Oriente M\u00e9dio"},"content":{"rendered":"<p>O papa Francisco implorou pela paz no Oriente M\u00e9dio e na S\u00edria, onde &#8220;reinam o horror e a morte&#8221;, em sua tradicional b\u00ean\u00e7\u00e3o &#8220;Urbi et Orbi&#8221; do Domingo de P\u00e1scoa.<\/p>\n<p>Ante milhares de fi\u00e9is congregados na pra\u00e7a de S\u00e3o Pedro do Vaticano, o Papa rogou a Deus que &#8220;conceda a paz a todo o Oriente M\u00e9dio&#8221; e ajude &#8220;a quem trabalha ativamente para levar al\u00edvio e consolo \u00e0 popula\u00e7\u00e3o civil da S\u00edria, v\u00edtima de uma guerra que n\u00e3o cessar de semear horror e morte&#8221;.<\/p>\n<p>Francisco denunciou &#8220;o vil ataque&#8221; ocorrido no s\u00e1bado\u00a0na periferia de Aleppo contra civis que fugiam e que at\u00e9 o momento deixou 110 mortos.<\/p>\n<p>O pont\u00edfice tamb\u00e9m pediu a Deus que conceda &#8220;aos representantes das Na\u00e7\u00f5es o valor de evitar que se propaguem os conflito e acabar com o tr\u00e1fico de armas&#8221;.<\/p>\n<p>Nesta tradicional b\u00ean\u00e7\u00e3o \u00e0 cidade e ao mundo ap\u00f3s a missa pascal, o Papa argentina n\u00e3o esqueceu de seu pr\u00f3prio continente.<\/p>\n<p>Pediu a Deus para que &#8220;sustente os esfor\u00e7os de quem, especialmente na Am\u00e9rica Latina, se compromete a favor do bem comum das sociedades, tantas vezes marcadas por tens\u00f5es pol\u00edticas e sociais, e que, em alguns casos, \u00e9 sufocado pela viol\u00eancia&#8221;.<\/p>\n<p><strong>CARIRI EM A\u00c7\u00c3O<\/strong><\/p>\n<p>Leia mais not\u00edcias em\u00a0<a href=\"http:\/\/www.caririemacao.com\/\">caririemacao.com<\/a>, siga nossa p\u00e1gina no<a href=\"https:\/\/www.facebook.com\/CaririEmAcao\/\">\u00a0Facebook<\/a>\u00a0e\u00a0<a href=\"https:\/\/www.instagram.com\/cariri_em_acao\/?hl=pt-br\">Instagram<\/a>\u00a0veja nossas mat\u00e9rias e fotos. Voc\u00ea tamb\u00e9m pode enviar informa\u00e7\u00f5es \u00e0 Reda\u00e7\u00e3o do Portal Cariri em A\u00e7\u00e3o pelo WhatsApp (83) 9 9634.5791, (83) 9 9601-1162.<\/p>\n","protected":false},"excerpt":{"rendered":"<p>O papa Francisco implorou pela paz no Oriente M\u00e9dio e na S\u00edria, onde &#8220;reinam o horror e a morte&#8221;, em sua tradicional b\u00ean\u00e7\u00e3o &#8220;Urbi et&hellip; <\/p>\n","protected":false},"author":2,"featured_media":17874,"comment_status":"closed","ping_status":"closed","sticky":false,"template":"","format":"standard","meta":{"sfsi_plus_gutenberg_text_before_share":"","sfsi_plus_gutenberg_show_text_before_share":"","sfsi_plus_gutenberg_icon_type":"","sfsi_plus_gutenberg_icon_alignemt":"","sfsi_plus_gutenburg_max_per_row":"","footnotes":""},"categories":[2],"tags":[],"class_list":["post-17873","post","type-post","status-publish","format-standard","has-post-thumbnail","hentry","category-geral"],"_links":{"self":[{"href":"https:\/\/www.caririemacao.com\/1\/wp-json\/wp\/v2\/posts\/17873","targetHints":{"allow":["GET"]}}],"collection":[{"href":"https:\/\/www.caririemacao.com\/1\/wp-json\/wp\/v2\/posts"}],"about":[{"href":"https:\/\/www.caririemacao.com\/1\/wp-json\/wp\/v2\/types\/post"}],"author":[{"embeddable":true,"href":"https:\/\/www.caririemacao.com\/1\/wp-json\/wp\/v2\/users\/2"}],"replies":[{"embeddable":true,"href":"https:\/\/www.caririemacao.com\/1\/wp-json\/wp\/v2\/comments?post=17873"}],"version-history":[{"count":0,"href":"https:\/\/www.caririemacao.com\/1\/wp-json\/wp\/v2\/posts\/17873\/revisions"}],"wp:featuredmedia":[{"embeddable":true,"href":"https:\/\/www.caririemacao.com\/1\/wp-json\/wp\/v2\/media\/17874"}],"wp:attachment":[{"href":"https:\/\/www.caririemacao.com\/1\/wp-json\/wp\/v2\/media?parent=17873"}],"wp:term":[{"taxonomy":"category","embeddable":true,"href":"https:\/\/www.caririemacao.com\/1\/wp-json\/wp\/v2\/categories?post=17873"},{"taxonomy":"post_tag","embeddable":true,"href":"https:\/\/www.caririemacao.com\/1\/wp-json\/wp\/v2\/tags?post=17873"}],"curies":[{"name":"wp","href":"https:\/\/api.w.org\/{rel}","templated":true}]}}