{"id":178733,"date":"2020-07-14T08:58:54","date_gmt":"2020-07-14T11:58:54","guid":{"rendered":"https:\/\/www.caririemacao.com\/1\/?p=178733"},"modified":"2020-07-14T08:58:54","modified_gmt":"2020-07-14T11:58:54","slug":"47-acham-que-bolsonaro-deve-deixar-a-presidencia","status":"publish","type":"post","link":"https:\/\/www.caririemacao.com\/1\/2020\/07\/14\/47-acham-que-bolsonaro-deve-deixar-a-presidencia\/","title":{"rendered":"47% acham que Bolsonaro deve deixar a Presid\u00eancia"},"content":{"rendered":"\n<h2 class=\"wp-block-heading\"><\/h2>\n\n\n\n<p>Pesquisa DataPoder360 mostra que 47% dos brasileiros acham que o presidente Jair Bolsonaro n\u00e3o deve continuar no comando do pa\u00eds. A taxa teve queda de 5 pontos percentuais em rela\u00e7\u00e3o ao \u00faltimo levantamento, realizado de 22 a 24 de junho.<br><br>O apoio para que o presidente mantenha-se no cargo teve alta de 4 pontos percentuais em duas semanas. Passou de 38% para 42%.<br><br>slash-corrigidoO presidente tem criado menos atritos com a m\u00eddia, advers\u00e1rios e integrantes dos outros Poderes da Rep\u00fablica. A nova atitude presidencial fez cair a temperatura pol\u00edtica no \u00faltimo m\u00eas, o que refletiu nos percentuais. Houve uma varia\u00e7\u00e3o positiva para Bolsonaro na percep\u00e7\u00e3o sobre sua perman\u00eancia na Presid\u00eancia.<br><br>A pesquisa foi realizada de 6 a 8 de julho de 2020 pelo DataPoder360, divis\u00e3o de estudos estat\u00edsticos do Poder360, por meio de liga\u00e7\u00f5es para celulares e telefones fixos. Foram 2.500 entrevistas em 512 munic\u00edpios nas 27 unidades da Federa\u00e7\u00e3o. A margem de erro \u00e9 de 2 pontos percentuais e o n\u00edvel de confian\u00e7a \u00e9 de 95%. Conhe\u00e7a mais sobre a metodologia lendo este texto.<br><br>Os clamores para a sa\u00edda de Bolsonaro, seja por vontade pr\u00f3pria (ren\u00fancia) ou for\u00e7ada (impeachment), est\u00e3o diretamente relacionados \u00e0 avalia\u00e7\u00e3o de sua gest\u00e3o.<br><br>Entre os que acham o presidente deve continuar no Planalto, 93% o avaliam como \u201c\u00f3timo\u201d ou \u201cbom\u201d. Apenas 7% consideram \u201cruim\u201d ou \u201cp\u00e9ssimo\u201d. A rejei\u00e7\u00e3o dos que defendem a sa\u00edda de Bolsonaro \u00e9 de 87% e a aprova\u00e7\u00e3o \u00e9 de s\u00f3 3%.<br><br>A estratifica\u00e7\u00e3o do levantamento mostra que o desejo de que Bolsonaro deixe o governo \u00e9 maior entre:<br><br>mulheres: 49%;<br>pessoas de 25 a 44 anos: 49%;<br>pessoas com ensino superior: 61%;<br>moradores do Sudeste: 52%;<br>quem recebe de 5 a 10 sal\u00e1rios m\u00ednimos: 65%.<br><br>J\u00e1 a perman\u00eancia de Bolsonaro no Planalto \u00e9 mais defendida por:<br><br>homens: 46%;<br>jovens de 16 a 24 anos: 48%;<br>pessoas com ensino m\u00e9dio: 48%;<br>moradores do Norte: 64%;<br>desempregados e sem renda fixa: 49%.<\/p>\n","protected":false},"excerpt":{"rendered":"<p>Pesquisa DataPoder360 mostra que 47% dos brasileiros acham que o presidente Jair Bolsonaro n\u00e3o deve continuar no comando do pa\u00eds. A taxa teve queda de&hellip; <\/p>\n","protected":false},"author":2,"featured_media":178734,"comment_status":"closed","ping_status":"closed","sticky":false,"template":"","format":"standard","meta":{"sfsi_plus_gutenberg_text_before_share":"","sfsi_plus_gutenberg_show_text_before_share":"","sfsi_plus_gutenberg_icon_type":"","sfsi_plus_gutenberg_icon_alignemt":"","sfsi_plus_gutenburg_max_per_row":"","footnotes":""},"categories":[2],"tags":[],"class_list":["post-178733","post","type-post","status-publish","format-standard","has-post-thumbnail","hentry","category-geral"],"_links":{"self":[{"href":"https:\/\/www.caririemacao.com\/1\/wp-json\/wp\/v2\/posts\/178733","targetHints":{"allow":["GET"]}}],"collection":[{"href":"https:\/\/www.caririemacao.com\/1\/wp-json\/wp\/v2\/posts"}],"about":[{"href":"https:\/\/www.caririemacao.com\/1\/wp-json\/wp\/v2\/types\/post"}],"author":[{"embeddable":true,"href":"https:\/\/www.caririemacao.com\/1\/wp-json\/wp\/v2\/users\/2"}],"replies":[{"embeddable":true,"href":"https:\/\/www.caririemacao.com\/1\/wp-json\/wp\/v2\/comments?post=178733"}],"version-history":[{"count":1,"href":"https:\/\/www.caririemacao.com\/1\/wp-json\/wp\/v2\/posts\/178733\/revisions"}],"predecessor-version":[{"id":178735,"href":"https:\/\/www.caririemacao.com\/1\/wp-json\/wp\/v2\/posts\/178733\/revisions\/178735"}],"wp:featuredmedia":[{"embeddable":true,"href":"https:\/\/www.caririemacao.com\/1\/wp-json\/wp\/v2\/media\/178734"}],"wp:attachment":[{"href":"https:\/\/www.caririemacao.com\/1\/wp-json\/wp\/v2\/media?parent=178733"}],"wp:term":[{"taxonomy":"category","embeddable":true,"href":"https:\/\/www.caririemacao.com\/1\/wp-json\/wp\/v2\/categories?post=178733"},{"taxonomy":"post_tag","embeddable":true,"href":"https:\/\/www.caririemacao.com\/1\/wp-json\/wp\/v2\/tags?post=178733"}],"curies":[{"name":"wp","href":"https:\/\/api.w.org\/{rel}","templated":true}]}}