{"id":17877,"date":"2017-04-16T11:27:47","date_gmt":"2017-04-16T14:27:47","guid":{"rendered":"http:\/\/caririemacao.com\/1\/?p=17877"},"modified":"2017-04-16T11:27:47","modified_gmt":"2017-04-16T14:27:47","slug":"risco-de-contrair-febre-amarela-pode-ser-menor-para-quem-ja-teve-dengue","status":"publish","type":"post","link":"https:\/\/www.caririemacao.com\/1\/2017\/04\/16\/risco-de-contrair-febre-amarela-pode-ser-menor-para-quem-ja-teve-dengue\/","title":{"rendered":"Risco de contrair febre amarela pode ser menor para quem j\u00e1 teve dengue"},"content":{"rendered":"<p>O paciente que contraiu dengue pode ter menos chance de ser infectado pela febre amarela. A informa\u00e7\u00e3o \u00e9 do consultor cient\u00edfico do Instituto de Tecnologia em Imunobiol\u00f3gicos (Bio-Manguinhos) da Funda\u00e7\u00e3o Oswaldo Cruz (Fiocruz) Reinaldo Menezes. O professor disse que h\u00e1 muitas evid\u00eancias laboratoriais, epidemiol\u00f3gicas e hist\u00f3ricas de que a dengue protege contra a febre amarela. Um estudo feito pela equipe de Menezes mostrou que a viremia (presen\u00e7a de v\u00edrus no sangue) \u00e9 mais baixa nas pessoas que j\u00e1 tiveram dengue.<\/p>\n<p>\u201cEmbora n\u00e3o esteja provado nem eu tenha a certeza, acho que a gente pode falar que \u00e9 muito prov\u00e1vel que a dengue tenha protegido o Rio de Janeiro at\u00e9 agora contra a febre amarela e tamb\u00e9m dos eventos adversos\u201d, disse o professor.<br \/>\nEntre as evid\u00eancias e fatores hist\u00f3ricos, Menezes lembrou a observa\u00e7\u00e3o feita, ap\u00f3s uma epidemia de febre amarela, de um grupo de soldados do interior do Equador que n\u00e3o tiveram dengue e outros da regi\u00e3o costeira que tinham contra\u00eddo a doen\u00e7a. A avalia\u00e7\u00e3o indicou maior incid\u00eancia de febre amarela nos militares da regi\u00e3o sem dengue.<\/p>\n<p>\u201cEstudei bastante isso. Acho que o n\u00famero de evid\u00eancias \u00e9 muito forte mostrando que dengue n\u00e3o evita a febre amarela, mas evita as formas mais graves da doen\u00e7a, pelo menos, diminui muito a incid\u00eancia dessas formas mais graves. Isso dever\u00e1 proteger contra febre amarela e tamb\u00e9m deve proteger contra os eventos adversos da vacina\u201d, acrescentou.<\/p>\n<p><strong>Rea\u00e7\u00f5es adversas<br \/>\n<\/strong><br \/>\nDe acordo com o professor, ainda n\u00e3o h\u00e1 uma confirma\u00e7\u00e3o de casos de morte em decorr\u00eancia de rea\u00e7\u00f5es adversas nos estados onde est\u00e3o ocorrendo campanhas de vacina\u00e7\u00e3o contra a febre amarela. Os exames ainda est\u00e3o sendo feitos e um deles se refere \u00e0 morte de um homem, no dia 30 de mar\u00e7o, em Silva Jardim, na Baixada Litor\u00e2nea do Rio de Janeiro, para verificar se ele morreu por evento adverso da vacina ou se j\u00e1 tinha a doen\u00e7a antes da imuniza\u00e7\u00e3o. Ainda assim, para o pesquisador, h\u00e1 uma ocorr\u00eancia menor de casos graves em compara\u00e7\u00e3o ao total de imuniza\u00e7\u00f5es realizadas. \u201cEu diria que parece que est\u00e1 havendo um n\u00famero de eventos adversos aqu\u00e9m do esperado.\u201d<\/p>\n<p>O aparecimento da doen\u00e7a viscerotr\u00f3pica, o mais grave efeito adverso \u00e0 vacina, geralmente ocorre ap\u00f3s quatro dias da imuniza\u00e7\u00e3o, mas h\u00e1 situa\u00e7\u00f5es em que o prazo \u00e9 menor. \u201cNa maioria dos casos, a pessoa come\u00e7a a ter sintomas de que alguma coisa anormal est\u00e1 acontecendo al\u00e9m dos sintomas comuns da vacina l\u00e1 pelo quarto dia. A pessoa estava com um pouco de febre, de mal-estar, em vez de melhorar piora e depois continua piorando. Se isso acontecer, tem que tomar cuidado e tem que ficar atento\u201d, alertou Menezes. De acordo com o pesquisador, embora, o paciente possa receber atendimento m\u00e9dico, a confirma\u00e7\u00e3o de que contraiu a doen\u00e7a viscerotr\u00f3pica s\u00f3 pode ser realizada ap\u00f3s a morte. \u201cS\u00f3 se consegue provar quando a pessoa morre, porque tem que encontrar les\u00e3o e o v\u00edrus nas v\u00edsceras. Se n\u00e3o morre, sempre ficar\u00e1 em d\u00favida&#8221;, arrematou.<\/p>\n<p><strong>CARIRI EM A\u00c7\u00c3O<\/strong><\/p>\n<p>Com Ag\u00eancia Brasil\/ Fotos: Rafael Neddermeyer\/ Fotos P\u00fablicas<\/p>\n<p><strong>Leia mais not\u00edcias em\u00a0<\/strong><a href=\"http:\/\/www.caririemacao.com\/\"><strong>caririemacao.com<\/strong><\/a><strong>, siga nossa p\u00e1gina no\u00a0<\/strong><a href=\"https:\/\/www.facebook.com\/CaririEmAcao\/?ref=aymt_homepage_panel\"><strong>Facebook<\/strong><\/a><strong>\u00a0e\u00a0<a href=\"https:\/\/www.instagram.com\/cariri_em_acao\/?hl=pt-br\">Instagram<\/a>\u00a0veja nossas mat\u00e9rias e fotos. Voc\u00ea tamb\u00e9m pode enviar informa\u00e7\u00f5es \u00e0 Reda\u00e7\u00e3o do Portal Cariri em A\u00e7\u00e3o pelo WhatsApp (83) 9 9634.5791, (83) 9 9601-1162.<\/strong><\/p>\n","protected":false},"excerpt":{"rendered":"<p>O paciente que contraiu dengue pode ter menos chance de ser infectado pela febre amarela. A informa\u00e7\u00e3o \u00e9 do consultor cient\u00edfico do Instituto de Tecnologia&hellip; <\/p>\n","protected":false},"author":2,"featured_media":17881,"comment_status":"closed","ping_status":"closed","sticky":false,"template":"","format":"standard","meta":{"sfsi_plus_gutenberg_text_before_share":"","sfsi_plus_gutenberg_show_text_before_share":"","sfsi_plus_gutenberg_icon_type":"","sfsi_plus_gutenberg_icon_alignemt":"","sfsi_plus_gutenburg_max_per_row":"","footnotes":""},"categories":[16],"tags":[],"class_list":["post-17877","post","type-post","status-publish","format-standard","has-post-thumbnail","hentry","category-saude"],"_links":{"self":[{"href":"https:\/\/www.caririemacao.com\/1\/wp-json\/wp\/v2\/posts\/17877","targetHints":{"allow":["GET"]}}],"collection":[{"href":"https:\/\/www.caririemacao.com\/1\/wp-json\/wp\/v2\/posts"}],"about":[{"href":"https:\/\/www.caririemacao.com\/1\/wp-json\/wp\/v2\/types\/post"}],"author":[{"embeddable":true,"href":"https:\/\/www.caririemacao.com\/1\/wp-json\/wp\/v2\/users\/2"}],"replies":[{"embeddable":true,"href":"https:\/\/www.caririemacao.com\/1\/wp-json\/wp\/v2\/comments?post=17877"}],"version-history":[{"count":0,"href":"https:\/\/www.caririemacao.com\/1\/wp-json\/wp\/v2\/posts\/17877\/revisions"}],"wp:featuredmedia":[{"embeddable":true,"href":"https:\/\/www.caririemacao.com\/1\/wp-json\/wp\/v2\/media\/17881"}],"wp:attachment":[{"href":"https:\/\/www.caririemacao.com\/1\/wp-json\/wp\/v2\/media?parent=17877"}],"wp:term":[{"taxonomy":"category","embeddable":true,"href":"https:\/\/www.caririemacao.com\/1\/wp-json\/wp\/v2\/categories?post=17877"},{"taxonomy":"post_tag","embeddable":true,"href":"https:\/\/www.caririemacao.com\/1\/wp-json\/wp\/v2\/tags?post=17877"}],"curies":[{"name":"wp","href":"https:\/\/api.w.org\/{rel}","templated":true}]}}