{"id":17884,"date":"2017-04-16T11:32:10","date_gmt":"2017-04-16T14:32:10","guid":{"rendered":"http:\/\/caririemacao.com\/1\/?p=17884"},"modified":"2017-04-16T11:32:10","modified_gmt":"2017-04-16T14:32:10","slug":"jogo-de-incentivo-ao-suicidio-ha-participantes-de-todos-os-estados-do-brasil-diz-jornal-sobre-jogo-da-morte","status":"publish","type":"post","link":"https:\/\/www.caririemacao.com\/1\/2017\/04\/16\/jogo-de-incentivo-ao-suicidio-ha-participantes-de-todos-os-estados-do-brasil-diz-jornal-sobre-jogo-da-morte\/","title":{"rendered":"JOGO DE INCENTIVO AO SUIC\u00cdDIO: \u2018H\u00e1 participantes de todos os estados do Brasil\u2019, diz jornal sobre \u2018jogo da morte\u2019"},"content":{"rendered":"<p>A Pol\u00edcia Civil de Bras\u00edlia divulgou que um grupo secreto no Facebook \u00e9 respons\u00e1vel por recrutar crian\u00e7as e jovens com idade entre 10 e 20 anos para participar do jogo \u2018Baleia Azul\u2019. A informa\u00e7\u00e3o \u00e9 do Correio Braziliense e veio \u00e0 tona ap\u00f3s a morte de um jovem de 19 anos, que teria cometido suic\u00eddio por ingest\u00e3o de medicamentos antidepressivos, na noite da \u00faltima ter\u00e7a-feira (11).<\/p>\n<p>De acordo com <a href=\"http:\/\/www.correiobraziliense.com.br\/app\/noticia\/brasil\/2017\/04\/13\/internas_polbraeco,588385\/adolescente-mineiro-e-vitima-do-baleia-azul-o-jogo-do-suicidio.shtml\" target=\"_blank\"><strong>a publica\u00e7\u00e3o<\/strong><\/a>, o jovem estaria sendo coagido a participar do jogo. Ele desabafou sobre a situa\u00e7\u00e3o com a m\u00e3e dois dias antes de tirar a pr\u00f3pria vida. Segundo ela, o filho disse ter cumprido desafios como se filmar no alto de um edif\u00edcio e tentar desenhar uma baleia no bra\u00e7o usando l\u00e2mina de barbear.<\/p>\n<p>&#8220;Pedi a ele para sair disso. Que isso era coisa do diabo, de quem tem pacto com o dem\u00f4nio e est\u00e1 coletando as almas dos outros. Ele disse que tentava sair, mas que as pessoas do grupo adicionavam ele de volta, atormentavam meu filho, ele n\u00e3o sabia mais o que fazer&#8221;, disse a mulher, ao Correio Braziliense.<\/p>\n<p>A morte de uma adolescente de 16 anos na cidade de Vila Rica, no Mato Grosso, tamb\u00e9m estaria ligada ao jogo. Ela foi encontrada morta na mesma ter\u00e7a-feira (11), dentro de uma represa. Conforme <a href=\"http:\/\/veja.abril.com.br\/brasil\/garota-morta-em-represa-poe-jogo-do-suicidio-na-mira-da-policia\/\" target=\"_blank\"><strong>noticiado pelo site da revista Veja<\/strong><\/a>, a Pol\u00edcia Civil disse que o corpo da adolescente apresentava cortes nos bra\u00e7os e nas coxas. Ela tamb\u00e9m teria deixado duas cartas em que falava sobre regras e a\u00e7\u00f5es que deveriam ser cumpridas.<\/p>\n<p>Na Para\u00edba, uma den\u00fancia levou a Pol\u00edcia Civil a investigar a poss\u00edvel participa\u00e7\u00e3o de estudantes de uma escola da Zona Sul de Jo\u00e3o Pessoa no jogo, que leva crian\u00e7as e adolescentes a se mutilarem e cumprirem desafios perigosos, com risco de morte, mediante supostas amea\u00e7as contra parentes pr\u00f3ximos.<\/p>\n<p>O caso se tornou p\u00fablico ap\u00f3s o comandante do Centro Integrado de Opera\u00e7\u00f5es Policiais em Jo\u00e3o Pessoa (Ciop), tenente-coronel Arnaldo Sobrinho, postar nas redes sociais um alerta sobre o \u2018desafio\u2019. \u201cConverse com seu filho menor ou adolescente e pergunte se ele est\u00e1 participando do jogo \u2018Baleia Azul\u2019 ou \u2018Blue Whale\u2019. Em Jo\u00e3o Pessoa, j\u00e1 h\u00e1 dilig\u00eancias para averiguar den\u00fancia de que crian\u00e7as de uma escola da Zona Sul j\u00e1 teriam se mutilado, como pacto decorrente do jogo, que configura ao final uma esp\u00e9cie de pacto suicida. A investiga\u00e7\u00e3o ainda \u00e9 inicial e segue sob sigilo\u201d, disse o tenente-coronel.<\/p>\n<p><strong>CARIRI EM A\u00c7\u00c3O<\/strong><\/p>\n<p>Com Portal Correio \/ Fotos: Reprodu\u00e7\u00e3o<\/p>\n<p><strong>Leia mais not\u00edcias em\u00a0<\/strong><a href=\"http:\/\/www.caririemacao.com\/\"><strong>caririemacao.com<\/strong><\/a><strong>, siga nossa p\u00e1gina no\u00a0<\/strong><a href=\"https:\/\/www.facebook.com\/CaririEmAcao\/?ref=aymt_homepage_panel\"><strong>Facebook<\/strong><\/a><strong>\u00a0e\u00a0<a href=\"https:\/\/www.instagram.com\/cariri_em_acao\/?hl=pt-br\">Instagram<\/a>\u00a0veja nossas mat\u00e9rias e fotos. Voc\u00ea tamb\u00e9m pode enviar informa\u00e7\u00f5es \u00e0 Reda\u00e7\u00e3o do Portal Cariri em A\u00e7\u00e3o pelo WhatsApp (83) 9 9634.5791, (83) 9 9601-1162.<\/strong><\/p>\n","protected":false},"excerpt":{"rendered":"<p>A Pol\u00edcia Civil de Bras\u00edlia divulgou que um grupo secreto no Facebook \u00e9 respons\u00e1vel por recrutar crian\u00e7as e jovens com idade entre 10 e 20&hellip; <\/p>\n","protected":false},"author":2,"featured_media":17885,"comment_status":"closed","ping_status":"closed","sticky":false,"template":"","format":"standard","meta":{"sfsi_plus_gutenberg_text_before_share":"","sfsi_plus_gutenberg_show_text_before_share":"","sfsi_plus_gutenberg_icon_type":"","sfsi_plus_gutenberg_icon_alignemt":"","sfsi_plus_gutenburg_max_per_row":"","footnotes":""},"categories":[12],"tags":[],"class_list":["post-17884","post","type-post","status-publish","format-standard","has-post-thumbnail","hentry","category-policia"],"_links":{"self":[{"href":"https:\/\/www.caririemacao.com\/1\/wp-json\/wp\/v2\/posts\/17884","targetHints":{"allow":["GET"]}}],"collection":[{"href":"https:\/\/www.caririemacao.com\/1\/wp-json\/wp\/v2\/posts"}],"about":[{"href":"https:\/\/www.caririemacao.com\/1\/wp-json\/wp\/v2\/types\/post"}],"author":[{"embeddable":true,"href":"https:\/\/www.caririemacao.com\/1\/wp-json\/wp\/v2\/users\/2"}],"replies":[{"embeddable":true,"href":"https:\/\/www.caririemacao.com\/1\/wp-json\/wp\/v2\/comments?post=17884"}],"version-history":[{"count":0,"href":"https:\/\/www.caririemacao.com\/1\/wp-json\/wp\/v2\/posts\/17884\/revisions"}],"wp:featuredmedia":[{"embeddable":true,"href":"https:\/\/www.caririemacao.com\/1\/wp-json\/wp\/v2\/media\/17885"}],"wp:attachment":[{"href":"https:\/\/www.caririemacao.com\/1\/wp-json\/wp\/v2\/media?parent=17884"}],"wp:term":[{"taxonomy":"category","embeddable":true,"href":"https:\/\/www.caririemacao.com\/1\/wp-json\/wp\/v2\/categories?post=17884"},{"taxonomy":"post_tag","embeddable":true,"href":"https:\/\/www.caririemacao.com\/1\/wp-json\/wp\/v2\/tags?post=17884"}],"curies":[{"name":"wp","href":"https:\/\/api.w.org\/{rel}","templated":true}]}}