{"id":17892,"date":"2017-04-16T11:45:24","date_gmt":"2017-04-16T14:45:24","guid":{"rendered":"http:\/\/caririemacao.com\/1\/?p=17892"},"modified":"2017-04-16T11:48:17","modified_gmt":"2017-04-16T14:48:17","slug":"exclusivo-missa-abre-domingo-de-pascoa-em-sume","status":"publish","type":"post","link":"https:\/\/www.caririemacao.com\/1\/2017\/04\/16\/exclusivo-missa-abre-domingo-de-pascoa-em-sume\/","title":{"rendered":"EXCLUSIVO: Missa abre Domingo de P\u00e1scoa em Sum\u00e9"},"content":{"rendered":"<p>Cat\u00f3licos da Par\u00f3quia Nossa Senhora da Concei\u00e7\u00e3o celebraram o in\u00edcio do Domingo de P\u00e1scoa em uma missa na manh\u00e3 deste domingo (16), na Igreja Matriz. A celebra\u00e7\u00e3o foi presidida pelo padre Claudeci Soares e come\u00e7ou \u00e0s 7h45min e durou cerca de 1h20min.<\/p>\n<p>Para os cat\u00f3licos, o domingo de P\u00e1scoa celebra a ressurrei\u00e7\u00e3o de Jesus Cristo e finaliza a Semana Santa, que relembra os \u00faltimos dias de vida de Jesus na Terra.<\/p>\n<p><a href=\"http:\/\/caririemacao.com\/1\/wp-content\/uploads\/2017\/04\/PADRE-1.jpg\"><img fetchpriority=\"high\" decoding=\"async\" class=\"wp-image-17897 size-full aligncenter\" src=\"http:\/\/caririemacao.com\/1\/wp-content\/uploads\/2017\/04\/PADRE-1.jpg\" alt=\"PADRE\" width=\"800\" height=\"533\" srcset=\"https:\/\/www.caririemacao.com\/1\/wp-content\/uploads\/2017\/04\/PADRE-1.jpg 800w, https:\/\/www.caririemacao.com\/1\/wp-content\/uploads\/2017\/04\/PADRE-1-300x200.jpg 300w, https:\/\/www.caririemacao.com\/1\/wp-content\/uploads\/2017\/04\/PADRE-1-768x512.jpg 768w\" sizes=\"(max-width: 800px) 100vw, 800px\" \/><\/a><\/p>\n<p>Na homilia, padre Claudeci Soares destacou que a P\u00e1scoa se resume em tr\u00eas realidades: a vit\u00f3ria da vida, as raz\u00f5es para a alegria e a vida com esperan\u00e7a. Ele aproveitou para convidar todos os fies cat\u00f3licos para participar da Missa Solene de P\u00e1scoa que acontece neste domingo, a partir das 17h, na Igreja Matriz, com a transmiss\u00e3o ao vivo pelo site Cariri em A\u00e7\u00e3o, atrav\u00e9s de sua p\u00e1gina no Facebook (https:\/\/www.facebook.com\/CaririEmAcao\/).<\/p>\n<p>Confira\u00a0FOTOS:<\/p>\n<p><a href=\"https:\/\/www.facebook.com\/pg\/CaririEmAcao\/photos\/?tab=album&amp;album_id=999652636837426\">FOTOS DA MISSA DE P\u00c1SCOA<\/a><\/p>\n<p><a href=\"https:\/\/www.facebook.com\/302749469861083\/photos\/?tab=album&amp;album_id=999336446869045\">FOTOS DA VIRG\u00cdLIA DE ALELUIA<\/a><\/p>\n<p><strong>CARIRI EM A\u00c7\u00c3O<\/strong><\/p>\n<p>Leia mais not\u00edcias em\u00a0<a href=\"http:\/\/www.caririemacao.com\/\">caririemacao.com<\/a>, siga nossa p\u00e1gina no<a href=\"https:\/\/www.facebook.com\/CaririEmAcao\/\">\u00a0Facebook<\/a>\u00a0e\u00a0<a href=\"https:\/\/www.instagram.com\/cariri_em_acao\/?hl=pt-br\">Instagram<\/a>\u00a0veja nossas mat\u00e9rias e fotos. Voc\u00ea tamb\u00e9m pode enviar informa\u00e7\u00f5es \u00e0 Reda\u00e7\u00e3o do Portal Cariri em A\u00e7\u00e3o pelo WhatsApp (83) 9 9634.5791, (83) 9 9601-1162.<\/p>\n","protected":false},"excerpt":{"rendered":"<p>Cat\u00f3licos da Par\u00f3quia Nossa Senhora da Concei\u00e7\u00e3o celebraram o in\u00edcio do Domingo de P\u00e1scoa em uma missa na manh\u00e3 deste domingo (16), na Igreja Matriz.&hellip; <\/p>\n","protected":false},"author":2,"featured_media":17898,"comment_status":"closed","ping_status":"closed","sticky":false,"template":"","format":"standard","meta":{"sfsi_plus_gutenberg_text_before_share":"","sfsi_plus_gutenberg_show_text_before_share":"","sfsi_plus_gutenberg_icon_type":"","sfsi_plus_gutenberg_icon_alignemt":"","sfsi_plus_gutenburg_max_per_row":"","footnotes":""},"categories":[6],"tags":[],"class_list":["post-17892","post","type-post","status-publish","format-standard","has-post-thumbnail","hentry","category-cidades"],"_links":{"self":[{"href":"https:\/\/www.caririemacao.com\/1\/wp-json\/wp\/v2\/posts\/17892","targetHints":{"allow":["GET"]}}],"collection":[{"href":"https:\/\/www.caririemacao.com\/1\/wp-json\/wp\/v2\/posts"}],"about":[{"href":"https:\/\/www.caririemacao.com\/1\/wp-json\/wp\/v2\/types\/post"}],"author":[{"embeddable":true,"href":"https:\/\/www.caririemacao.com\/1\/wp-json\/wp\/v2\/users\/2"}],"replies":[{"embeddable":true,"href":"https:\/\/www.caririemacao.com\/1\/wp-json\/wp\/v2\/comments?post=17892"}],"version-history":[{"count":0,"href":"https:\/\/www.caririemacao.com\/1\/wp-json\/wp\/v2\/posts\/17892\/revisions"}],"wp:featuredmedia":[{"embeddable":true,"href":"https:\/\/www.caririemacao.com\/1\/wp-json\/wp\/v2\/media\/17898"}],"wp:attachment":[{"href":"https:\/\/www.caririemacao.com\/1\/wp-json\/wp\/v2\/media?parent=17892"}],"wp:term":[{"taxonomy":"category","embeddable":true,"href":"https:\/\/www.caririemacao.com\/1\/wp-json\/wp\/v2\/categories?post=17892"},{"taxonomy":"post_tag","embeddable":true,"href":"https:\/\/www.caririemacao.com\/1\/wp-json\/wp\/v2\/tags?post=17892"}],"curies":[{"name":"wp","href":"https:\/\/api.w.org\/{rel}","templated":true}]}}