{"id":17902,"date":"2017-04-16T12:05:09","date_gmt":"2017-04-16T15:05:09","guid":{"rendered":"http:\/\/caririemacao.com\/1\/?p=17902"},"modified":"2017-04-16T12:05:09","modified_gmt":"2017-04-16T15:05:09","slug":"lava-jato-vaza-delacao-que-inocenta-lula","status":"publish","type":"post","link":"https:\/\/www.caririemacao.com\/1\/2017\/04\/16\/lava-jato-vaza-delacao-que-inocenta-lula\/","title":{"rendered":"LAVA JATO VAZA DELA\u00c7\u00c3O QUE INOCENTA LULA"},"content":{"rendered":"<p>Mais um vazamento seletivo da Lava Jato, com o objetivo de acertar a imagem do ex-presidente Lula (PT), entra para as estat\u00edsticas. Mas, dessa vez, a leitura \u00e9 curiosa. S\u00f3 quem chegou ao final da mat\u00e9ria publicada pelo Estad\u00e3o na quarta (29) pode compreender que trechos de duas dela\u00e7\u00f5es premiadas mais parecem servir de pe\u00e7a de defesa para Lula nas den\u00fancias de tr\u00e1fico de influ\u00eancia internacional e recebimento de propina via empresa de palestras, a LILS.<\/p>\n<p>As dela\u00e7\u00f5es, obtidas pelo Estad\u00e3o, s\u00e3o de Fl\u00e1vio Gomes Machado Filho e Ot\u00e1vio Azevedo, executivo e ex-presidente da Andrade Gutierrez.<\/p>\n<p>Consta nos documentos divulgados pelo Estad\u00e3o os &#8220;detalhes&#8221; da participa\u00e7\u00e3o de Lula em neg\u00f3cio da Andrade Gutierrez na Venezuela.<\/p>\n<p><img fetchpriority=\"high\" decoding=\"async\" class=\"aligncenter wp-image-17904 size-full\" src=\"http:\/\/caririemacao.com\/1\/wp-content\/uploads\/2017\/04\/LULA1.jpg\" alt=\"LULA1\" width=\"768\" height=\"995\" srcset=\"https:\/\/www.caririemacao.com\/1\/wp-content\/uploads\/2017\/04\/LULA1.jpg 768w, https:\/\/www.caririemacao.com\/1\/wp-content\/uploads\/2017\/04\/LULA1-232x300.jpg 232w\" sizes=\"(max-width: 768px) 100vw, 768px\" \/><\/p>\n<p>A edi\u00e7\u00e3o do jornal, num primeiro momento, leva \u00e0 interpreta\u00e7\u00e3o de que Lula ajudou a burlar uma &#8220;concorr\u00eancia internacional&#8221; em favor da empresa brasileira, mas as dela\u00e7\u00f5es explicam o que aconteceu.<\/p>\n<p>Em meados de 2008, a Andrade Gutierrez disputava na Venezuela uma obra com uma empresa de origem italiana, a Danielle. Percebendo que n\u00e3o chegaria a ser escolhida pelo ent\u00e3o presidente Hugo Ch\u00e1vez, dirigentes da Andrade buscaram o contato de Lula, que disse que s\u00f3 ajudaria se nenhuma outra empresa nacional estivesse disputando o mesmo projeto.<\/p>\n<p>Pela dela\u00e7\u00e3o de Machado Filho, \u00e9 poss\u00edvel compreender que na Venezuela n\u00e3o h\u00e1 lei de licita\u00e7\u00e3o como no Brasil. As empresas l\u00e1 s\u00e3o contratadas por &#8220;indica\u00e7\u00e3o&#8221;. A italiana tinha o apoio do governo daquele pa\u00eds. Por isso, a Andrade Gutierrez decidiu recorrer ao presidente brasileiro.<\/p>\n<p>Tanto Mesquita quanto Azevedo afirmam que Lula n\u00e3o pediu nem recebeu nada em troca de apresentar a Andrade Gutierrez para Hugo Ch\u00e1vez numa reuni\u00e3o em Recife. Ap\u00f3s o lobby de Lula, a Andrade Gutierrez ganhou o projeto, que foi executado com financiamento do BNDES.<\/p>\n<p><img decoding=\"async\" class=\"aligncenter wp-image-17905 size-full lazyload\" data-src=\"http:\/\/caririemacao.com\/1\/wp-content\/uploads\/2017\/04\/LULA2.jpg\" alt=\"LULA2\" width=\"768\" height=\"870\" data-srcset=\"https:\/\/www.caririemacao.com\/1\/wp-content\/uploads\/2017\/04\/LULA2.jpg 768w, https:\/\/www.caririemacao.com\/1\/wp-content\/uploads\/2017\/04\/LULA2-265x300.jpg 265w\" data-sizes=\"(max-width: 768px) 100vw, 768px\" src=\"data:image\/svg+xml;base64,PHN2ZyB3aWR0aD0iMSIgaGVpZ2h0PSIxIiB4bWxucz0iaHR0cDovL3d3dy53My5vcmcvMjAwMC9zdmciPjwvc3ZnPg==\" style=\"--smush-placeholder-width: 768px; --smush-placeholder-aspect-ratio: 768\/870;\" \/><\/p>\n<p>\u00c0 for\u00e7a-tarefa da Lava Jato, Azevedo ainda negou que a Andrade Gutierrez tenha pago propina a Lula via contrata\u00e7\u00e3o fict\u00edcia de palestras, pela empresa LILS. O executivo afirmou que as cinco palestras foram comprovadamente executadas por Lula.<\/p>\n<p>\u00c0 for\u00e7a-tarefa da Lava Jato, Azevedo ainda negou que a Andrade Gutierrez tenha pago propina a Lula via contrata\u00e7\u00e3o fict\u00edcia de palestras, pela empresa LILS. O executivo afirmou que as cinco palestras foram comprovadamente executadas por Lula.<\/p>\n<p><a href=\"http:\/\/caririemacao.com\/1\/wp-content\/uploads\/2017\/04\/LULA3.jpg\"><img decoding=\"async\" class=\"aligncenter wp-image-17906 size-full lazyload\" data-src=\"http:\/\/caririemacao.com\/1\/wp-content\/uploads\/2017\/04\/LULA3.jpg\" alt=\"LULA3\" width=\"768\" height=\"917\" data-srcset=\"https:\/\/www.caririemacao.com\/1\/wp-content\/uploads\/2017\/04\/LULA3.jpg 768w, https:\/\/www.caririemacao.com\/1\/wp-content\/uploads\/2017\/04\/LULA3-251x300.jpg 251w\" data-sizes=\"(max-width: 768px) 100vw, 768px\" src=\"data:image\/svg+xml;base64,PHN2ZyB3aWR0aD0iMSIgaGVpZ2h0PSIxIiB4bWxucz0iaHR0cDovL3d3dy53My5vcmcvMjAwMC9zdmciPjwvc3ZnPg==\" style=\"--smush-placeholder-width: 768px; --smush-placeholder-aspect-ratio: 768\/917;\" \/><\/a><\/p>\n<p><strong>ONDE EST\u00c1 A DEN\u00daNCIA?<\/strong><\/p>\n<p>O destaque do Estad\u00e3o foi para a den\u00fancia de que pela obra conquistada na Venezuela, com financiamento do BNDES, o ex-tesoureiro do PT, Jo\u00e3o Vaccari Neto, procurou o executivo Fl\u00e1vio Machado para cobrar propina de 1% sobre o contrato fechado.<\/p>\n<p>Segundo Ot\u00e1vio Azevedo &#8211; que disse ter ouvido a hist\u00f3ria de Machado &#8211; a Andrade Gutierrez pagou a propina supostamente exigida por Vaccari via doa\u00e7\u00e3o oficial, contabilizada e registrada na Justi\u00e7a Eleitoral.<\/p>\n<p><strong>CARIRI EM A\u00c7\u00c3O<\/strong><\/p>\n<p>Leia mais not\u00edcias em\u00a0<a href=\"http:\/\/www.caririemacao.com\/\">caririemacao.com<\/a>, siga nossa p\u00e1gina no<a href=\"https:\/\/www.facebook.com\/CaririEmAcao\/\">\u00a0Facebook<\/a>\u00a0e\u00a0<a href=\"https:\/\/www.instagram.com\/cariri_em_acao\/?hl=pt-br\">Instagram<\/a>\u00a0veja nossas mat\u00e9rias e fotos. Voc\u00ea tamb\u00e9m pode enviar informa\u00e7\u00f5es \u00e0 Reda\u00e7\u00e3o do Portal Cariri em A\u00e7\u00e3o pelo WhatsApp (83) 9 9634.5791, (83) 9 9601-1162.<\/p>\n","protected":false},"excerpt":{"rendered":"<p>Mais um vazamento seletivo da Lava Jato, com o objetivo de acertar a imagem do ex-presidente Lula (PT), entra para as estat\u00edsticas. Mas, dessa vez,&hellip; <\/p>\n","protected":false},"author":2,"featured_media":17903,"comment_status":"closed","ping_status":"closed","sticky":false,"template":"","format":"standard","meta":{"sfsi_plus_gutenberg_text_before_share":"","sfsi_plus_gutenberg_show_text_before_share":"","sfsi_plus_gutenberg_icon_type":"","sfsi_plus_gutenberg_icon_alignemt":"","sfsi_plus_gutenburg_max_per_row":"","footnotes":""},"categories":[11],"tags":[],"class_list":["post-17902","post","type-post","status-publish","format-standard","has-post-thumbnail","hentry","category-politica"],"_links":{"self":[{"href":"https:\/\/www.caririemacao.com\/1\/wp-json\/wp\/v2\/posts\/17902","targetHints":{"allow":["GET"]}}],"collection":[{"href":"https:\/\/www.caririemacao.com\/1\/wp-json\/wp\/v2\/posts"}],"about":[{"href":"https:\/\/www.caririemacao.com\/1\/wp-json\/wp\/v2\/types\/post"}],"author":[{"embeddable":true,"href":"https:\/\/www.caririemacao.com\/1\/wp-json\/wp\/v2\/users\/2"}],"replies":[{"embeddable":true,"href":"https:\/\/www.caririemacao.com\/1\/wp-json\/wp\/v2\/comments?post=17902"}],"version-history":[{"count":0,"href":"https:\/\/www.caririemacao.com\/1\/wp-json\/wp\/v2\/posts\/17902\/revisions"}],"wp:featuredmedia":[{"embeddable":true,"href":"https:\/\/www.caririemacao.com\/1\/wp-json\/wp\/v2\/media\/17903"}],"wp:attachment":[{"href":"https:\/\/www.caririemacao.com\/1\/wp-json\/wp\/v2\/media?parent=17902"}],"wp:term":[{"taxonomy":"category","embeddable":true,"href":"https:\/\/www.caririemacao.com\/1\/wp-json\/wp\/v2\/categories?post=17902"},{"taxonomy":"post_tag","embeddable":true,"href":"https:\/\/www.caririemacao.com\/1\/wp-json\/wp\/v2\/tags?post=17902"}],"curies":[{"name":"wp","href":"https:\/\/api.w.org\/{rel}","templated":true}]}}