{"id":179245,"date":"2020-07-17T09:26:41","date_gmt":"2020-07-17T12:26:41","guid":{"rendered":"https:\/\/www.caririemacao.com\/1\/?p=179245"},"modified":"2020-07-17T09:26:41","modified_gmt":"2020-07-17T12:26:41","slug":"caraubas-inicia-inscricoes-para-acoes-emergentes-da-lei-aldir-blanc-destinada-ao-setor-cultural","status":"publish","type":"post","link":"https:\/\/www.caririemacao.com\/1\/2020\/07\/17\/caraubas-inicia-inscricoes-para-acoes-emergentes-da-lei-aldir-blanc-destinada-ao-setor-cultural\/","title":{"rendered":"Cara\u00fabas inicia inscri\u00e7\u00f5es para a\u00e7\u00f5es emergentes da Lei Aldir Blanc destinada ao setor cultural"},"content":{"rendered":"\n<p>Foram iniciadas hoje, dia 16\/7, as inscri\u00e7\u00f5es para as a\u00e7\u00f5es emerg\u00eancias de apoio ao setor cultural no munic\u00edpio de Cara\u00fabas e que dever\u00e1 beneficiar v\u00e1rias pessoas ligadas ao meio cultural que foram afetadas diretamente pela pandemia do novo coronav\u00edrus durante o per\u00edodo de calamidade p\u00fablica.<\/p>\n\n\n\n<p><br>As pessoas interessadas e ligadas a \u00e1rea cultural e que pretendem ser beneficiados com as medidas dever\u00e3o acessar o site da Prefeitura Municipal de Cara\u00fabas no endere\u00e7o eletr\u00f4nico www.caraubas.pb.gov.br e clicar no item CADASTRO CULTURAL usando o link de pessoa f\u00edsica ou jur\u00eddica.<\/p>\n\n\n\n<p><br>A secret\u00e1ria do Turismo e da Cultura, Sylvana Milena, orienta todas as pessoas que observem o prazo de inscri\u00e7\u00e3o que vai at\u00e9 o pr\u00f3ximo dia 24?07, bem como, os crit\u00e9rios estabelecidos pelo Governo Federal para que possam ter acesso ao benef\u00edcio. \u00c9 importante neste momento que os artistas e pessoas ligadas ao meio atentem para todos os itens do question\u00e1rio, disse ela.<\/p>\n\n\n\n<p><br>Ainda n\u00e3o existe um prazo dado pelo Governo Federal para o repasse desses recursos que dever\u00e3o ser realizados em parcela \u00fanica. Os recursos dever\u00e3o ser gastos em a\u00e7\u00f5es emergenciais de apoio ao setor cultural por meio de: I \u2013 renda emergencial mensal aos trabalhadores e trabalhadoras da cultura; II \u2013 subs\u00eddio mensal para manuten\u00e7\u00e3o de espa\u00e7os art\u00edsticos e culturais, microempresas e pequenas empresas culturais, cooperativas, institui\u00e7\u00f5es e organiza\u00e7\u00f5es culturais comunit\u00e1rias que tiveram as suas atividades interrompidas por for\u00e7a das medidas de isolamento social; e III \u2013 editais, chamadas p\u00fablicas, pr\u00eamios, aquisi\u00e7\u00e3o de bens e servi\u00e7os vinculados ao setor cultural e outros instrumentos destinados \u00e0 manuten\u00e7\u00e3o de agentes, de espa\u00e7os, de iniciativas, de cursos, de produ\u00e7\u00f5es, de desenvolvimento de atividades de economia criativa e de economia solid\u00e1ria, de produ\u00e7\u00f5es audiovisuais, de manifesta\u00e7\u00f5es culturais, bem como \u00e0 realiza\u00e7\u00e3o de atividades art\u00edsticas e culturais que possam ser transmitidas pela internet ou disponibilizadas por meio de redes sociais e outras plataformas digitais.<\/p>\n\n\n\n<p>Fonte: SEPLACOM<br>Foto: Arquivo SEPLACOM<\/p>\n","protected":false},"excerpt":{"rendered":"<p>Foram iniciadas hoje, dia 16\/7, as inscri\u00e7\u00f5es para as a\u00e7\u00f5es emerg\u00eancias de apoio ao setor cultural no munic\u00edpio de Cara\u00fabas e que dever\u00e1 beneficiar v\u00e1rias&hellip; <\/p>\n","protected":false},"author":1,"featured_media":179246,"comment_status":"closed","ping_status":"closed","sticky":false,"template":"","format":"standard","meta":{"sfsi_plus_gutenberg_text_before_share":"","sfsi_plus_gutenberg_show_text_before_share":"","sfsi_plus_gutenberg_icon_type":"","sfsi_plus_gutenberg_icon_alignemt":"","sfsi_plus_gutenburg_max_per_row":"","footnotes":""},"categories":[6],"tags":[],"class_list":["post-179245","post","type-post","status-publish","format-standard","has-post-thumbnail","hentry","category-cidades"],"_links":{"self":[{"href":"https:\/\/www.caririemacao.com\/1\/wp-json\/wp\/v2\/posts\/179245","targetHints":{"allow":["GET"]}}],"collection":[{"href":"https:\/\/www.caririemacao.com\/1\/wp-json\/wp\/v2\/posts"}],"about":[{"href":"https:\/\/www.caririemacao.com\/1\/wp-json\/wp\/v2\/types\/post"}],"author":[{"embeddable":true,"href":"https:\/\/www.caririemacao.com\/1\/wp-json\/wp\/v2\/users\/1"}],"replies":[{"embeddable":true,"href":"https:\/\/www.caririemacao.com\/1\/wp-json\/wp\/v2\/comments?post=179245"}],"version-history":[{"count":1,"href":"https:\/\/www.caririemacao.com\/1\/wp-json\/wp\/v2\/posts\/179245\/revisions"}],"predecessor-version":[{"id":179247,"href":"https:\/\/www.caririemacao.com\/1\/wp-json\/wp\/v2\/posts\/179245\/revisions\/179247"}],"wp:featuredmedia":[{"embeddable":true,"href":"https:\/\/www.caririemacao.com\/1\/wp-json\/wp\/v2\/media\/179246"}],"wp:attachment":[{"href":"https:\/\/www.caririemacao.com\/1\/wp-json\/wp\/v2\/media?parent=179245"}],"wp:term":[{"taxonomy":"category","embeddable":true,"href":"https:\/\/www.caririemacao.com\/1\/wp-json\/wp\/v2\/categories?post=179245"},{"taxonomy":"post_tag","embeddable":true,"href":"https:\/\/www.caririemacao.com\/1\/wp-json\/wp\/v2\/tags?post=179245"}],"curies":[{"name":"wp","href":"https:\/\/api.w.org\/{rel}","templated":true}]}}