{"id":179249,"date":"2020-07-17T09:29:12","date_gmt":"2020-07-17T12:29:12","guid":{"rendered":"https:\/\/www.caririemacao.com\/1\/?p=179249"},"modified":"2020-07-17T09:29:12","modified_gmt":"2020-07-17T12:29:12","slug":"mais-tres-pacientes-vencem-a-covid-19-no-municipio-de-caraubas","status":"publish","type":"post","link":"https:\/\/www.caririemacao.com\/1\/2020\/07\/17\/mais-tres-pacientes-vencem-a-covid-19-no-municipio-de-caraubas\/","title":{"rendered":"Mais tr\u00eas pacientes vencem a Covid-19 no munic\u00edpio de Cara\u00fabas"},"content":{"rendered":"\n<p>Alegria, emo\u00e7\u00e3o, sensa\u00e7\u00e3o de liberdade, enfim, s\u00e3o tantos sentimentos comuns e juntos que parece que estamos nascendo outra vez. Com esse depoimento e acompanhados pela equipe dos profissionais da secretaria da sa\u00fade do munic\u00edpio de Cara\u00fabas que esta semana mais 03(tr\u00eas) pacientes que haviam contra\u00eddo o novo coronavirus superaram a doen\u00e7a.<\/p>\n\n\n\n<p><br>De acordo com o boletim da Secretaria da Sa\u00fade e do Departamento de Vigil\u00e2ncia Epidemiol\u00f3gica em Sa\u00fade j\u00e1 s\u00e3o 19(dezenove) pacientes curados dos 29(vinte e nove) casos confirmados. Vamos continuar trabalhando na preven\u00e7\u00e3o e apelando mais uma vez a popula\u00e7\u00e3o do munic\u00edpio que cumpram com as determina\u00e7\u00f5es de usar mascaras, higienizar bem as m\u00e3os sempre e v\u00e1rias vezes ao dia e de isolamento social, disse o Diretor do Departamento de Vigil\u00e2ncia da Secretaria da Sa\u00fade, Rivaldo Sousa.<br>Acompanharam os pacientes a m\u00e9dica J\u00e9ssica Bid\u00f4, a enfermeira Poliana, os t\u00e9cnicos do Departamento de Vigil\u00e2ncia epidemiol\u00f3gica, coordenador da Aten\u00e7\u00e3o B\u00e1sica, enfim, toda uma equipe t\u00e9cnica preocupada com a qualidade de vida dos pacientes.<\/p>\n\n\n\n<p><br>As 03(tr\u00eas) pessoas curadas do novo coronavirus s\u00e3o integrantes de uma mesma fam\u00edlia, neste caso, m\u00e3e, filha e o genro. Est\u00e3o curados da COVID 19, P.M.S. de 28 anos de idade, A. S. A. de 34 anos e I. L. S. de 54 anos, residentes na cidade de Cara\u00fabas( zona urbana) e no s\u00edtio ponta de serra, zona rural.<\/p>\n\n\n\n<p><br>Elas apresentaram os sintomas da COVID 19 e procuraram A Unidade B\u00e1sica da Sa\u00fade &#8211; UBS, onde foram atendidas, medicadas e realizaram o teste r\u00e1pido. J\u00e1 o paciente do sexo masculino, havia apresentado sintomas leves, h\u00e1 cerca de 30 dias, antes da esposa e da sogra, n\u00e3o tendo comparecido a UBS. Todos receberam alta ap\u00f3s aus\u00eancia de sintomas e realiza\u00e7\u00e3o de exames de imunoglobulina total para covid 19, afirmou Poliana enfermeira da unidade.<\/p>\n\n\n\n<p><br>Queremos muito agradecer \u00e0 Deus primeiramente e a essa equipe que cuidou e se preocupou conosco o tempo inteiro, sempre mantendo contato e sabendo como est\u00e1vamos. Seremos eternamente gratos a todos voc\u00eas. Gratid\u00e3o e muito obrigado, disse emocionada e feliz P.M.S.<\/p>\n\n\n\n<p>Fonte: SEPLACOM<br>Foto: Equipe ESF I<\/p>\n","protected":false},"excerpt":{"rendered":"<p>Alegria, emo\u00e7\u00e3o, sensa\u00e7\u00e3o de liberdade, enfim, s\u00e3o tantos sentimentos comuns e juntos que parece que estamos nascendo outra vez. Com esse depoimento e acompanhados pela&hellip; <\/p>\n","protected":false},"author":1,"featured_media":179254,"comment_status":"closed","ping_status":"closed","sticky":false,"template":"","format":"standard","meta":{"sfsi_plus_gutenberg_text_before_share":"","sfsi_plus_gutenberg_show_text_before_share":"","sfsi_plus_gutenberg_icon_type":"","sfsi_plus_gutenberg_icon_alignemt":"","sfsi_plus_gutenburg_max_per_row":"","footnotes":""},"categories":[6],"tags":[],"class_list":["post-179249","post","type-post","status-publish","format-standard","has-post-thumbnail","hentry","category-cidades"],"_links":{"self":[{"href":"https:\/\/www.caririemacao.com\/1\/wp-json\/wp\/v2\/posts\/179249","targetHints":{"allow":["GET"]}}],"collection":[{"href":"https:\/\/www.caririemacao.com\/1\/wp-json\/wp\/v2\/posts"}],"about":[{"href":"https:\/\/www.caririemacao.com\/1\/wp-json\/wp\/v2\/types\/post"}],"author":[{"embeddable":true,"href":"https:\/\/www.caririemacao.com\/1\/wp-json\/wp\/v2\/users\/1"}],"replies":[{"embeddable":true,"href":"https:\/\/www.caririemacao.com\/1\/wp-json\/wp\/v2\/comments?post=179249"}],"version-history":[{"count":1,"href":"https:\/\/www.caririemacao.com\/1\/wp-json\/wp\/v2\/posts\/179249\/revisions"}],"predecessor-version":[{"id":179255,"href":"https:\/\/www.caririemacao.com\/1\/wp-json\/wp\/v2\/posts\/179249\/revisions\/179255"}],"wp:featuredmedia":[{"embeddable":true,"href":"https:\/\/www.caririemacao.com\/1\/wp-json\/wp\/v2\/media\/179254"}],"wp:attachment":[{"href":"https:\/\/www.caririemacao.com\/1\/wp-json\/wp\/v2\/media?parent=179249"}],"wp:term":[{"taxonomy":"category","embeddable":true,"href":"https:\/\/www.caririemacao.com\/1\/wp-json\/wp\/v2\/categories?post=179249"},{"taxonomy":"post_tag","embeddable":true,"href":"https:\/\/www.caririemacao.com\/1\/wp-json\/wp\/v2\/tags?post=179249"}],"curies":[{"name":"wp","href":"https:\/\/api.w.org\/{rel}","templated":true}]}}