{"id":179310,"date":"2020-07-17T13:23:10","date_gmt":"2020-07-17T16:23:10","guid":{"rendered":"https:\/\/www.caririemacao.com\/1\/?p=179310"},"modified":"2020-07-17T13:23:10","modified_gmt":"2020-07-17T16:23:10","slug":"reeducandas-do-sistema-penitenciario-da-paraiba-produzem-mais-de-180-mil-mascaras","status":"publish","type":"post","link":"https:\/\/www.caririemacao.com\/1\/2020\/07\/17\/reeducandas-do-sistema-penitenciario-da-paraiba-produzem-mais-de-180-mil-mascaras\/","title":{"rendered":"Reeducandas do Sistema Penitenci\u00e1rio da Para\u00edba produzem mais de 180 mil m\u00e1scaras"},"content":{"rendered":"\n<h1 class=\"wp-block-heading\"><\/h1>\n\n\n\n<p>Reeducandas de quatro unidades prisionais femininas do Sistema Penitenci\u00e1rio da Para\u00edba produziram mais de 180 mil m\u00e1scaras de prote\u00e7\u00e3o individual em tecido, um dos principais itens para conter o avan\u00e7o da covid-19. A fabrica\u00e7\u00e3o beneficia centenas de pessoas de institui\u00e7\u00f5es em todas as regi\u00f5es do Estado, e tem apoio do Tribunal de Justi\u00e7a da Para\u00edba.<\/p>\n\n\n\n<p>Os pres\u00eddios respons\u00e1veis pela produ\u00e7\u00e3o est\u00e3o localizados nas comarcas de Jo\u00e3o Pessoa, Campina Grande, Patos e Cajazeiras.<\/p>\n\n\n\n<p>Depois de prontas, as m\u00e1scaras s\u00e3o distribu\u00eddas entre policiais penais e os demais integrantes do sistema penitenci\u00e1rio. Al\u00e9m disso, as apenadas tamb\u00e9m recebem o equipamento de prote\u00e7\u00e3o. As m\u00e1scaras ainda s\u00e3o levadas \u00e0s pol\u00edcias Militar e Civil, ao Corpo de Bombeiros e ao Instituto de Pol\u00edcia Cient\u00edfica, bem como ao Hospital Napole\u00e3o Laureano.<\/p>\n\n\n\n<p>Segundo o juiz titular da Vara de Execu\u00e7\u00e3o Penal (VEP) da Comarca da Capital, Carlos Neves da Franca Neto, a iniciativa traz um duplo benef\u00edcio social. \u201cA produ\u00e7\u00e3o das m\u00e1scaras significa um benef\u00edcio direto \u00e0s reeducandas, j\u00e1 que para cada tr\u00eas dias trabalhados, \u00e9 remido um dia da pena. Por outro lado, atende a uma necessidade do momento, que \u00e9 a prote\u00e7\u00e3o contra a pandemia do coronav\u00edrus. Ainda com este equipamento essencial, \u00e9 poss\u00edvel atender n\u00e3o apenas o consumo interno, mas, tamb\u00e9m, outras entidades, a exemplo do Hospital Napole\u00e3o Laureano, na Capital\u201d, destacou o magistrado. S\u00f3 na Penitenci\u00e1ria Feminina J\u00falia Maranh\u00e3o, foram fabricadas mais de 80.000 m\u00e1scaras, at\u00e9 o final de junho.<\/p>\n","protected":false},"excerpt":{"rendered":"<p>Reeducandas de quatro unidades prisionais femininas do Sistema Penitenci\u00e1rio da Para\u00edba produziram mais de 180 mil m\u00e1scaras de prote\u00e7\u00e3o individual em tecido, um dos principais&hellip; <\/p>\n","protected":false},"author":2,"featured_media":179311,"comment_status":"closed","ping_status":"closed","sticky":false,"template":"","format":"standard","meta":{"sfsi_plus_gutenberg_text_before_share":"","sfsi_plus_gutenberg_show_text_before_share":"","sfsi_plus_gutenberg_icon_type":"","sfsi_plus_gutenberg_icon_alignemt":"","sfsi_plus_gutenburg_max_per_row":"","footnotes":""},"categories":[2],"tags":[],"class_list":["post-179310","post","type-post","status-publish","format-standard","has-post-thumbnail","hentry","category-geral"],"_links":{"self":[{"href":"https:\/\/www.caririemacao.com\/1\/wp-json\/wp\/v2\/posts\/179310","targetHints":{"allow":["GET"]}}],"collection":[{"href":"https:\/\/www.caririemacao.com\/1\/wp-json\/wp\/v2\/posts"}],"about":[{"href":"https:\/\/www.caririemacao.com\/1\/wp-json\/wp\/v2\/types\/post"}],"author":[{"embeddable":true,"href":"https:\/\/www.caririemacao.com\/1\/wp-json\/wp\/v2\/users\/2"}],"replies":[{"embeddable":true,"href":"https:\/\/www.caririemacao.com\/1\/wp-json\/wp\/v2\/comments?post=179310"}],"version-history":[{"count":1,"href":"https:\/\/www.caririemacao.com\/1\/wp-json\/wp\/v2\/posts\/179310\/revisions"}],"predecessor-version":[{"id":179312,"href":"https:\/\/www.caririemacao.com\/1\/wp-json\/wp\/v2\/posts\/179310\/revisions\/179312"}],"wp:featuredmedia":[{"embeddable":true,"href":"https:\/\/www.caririemacao.com\/1\/wp-json\/wp\/v2\/media\/179311"}],"wp:attachment":[{"href":"https:\/\/www.caririemacao.com\/1\/wp-json\/wp\/v2\/media?parent=179310"}],"wp:term":[{"taxonomy":"category","embeddable":true,"href":"https:\/\/www.caririemacao.com\/1\/wp-json\/wp\/v2\/categories?post=179310"},{"taxonomy":"post_tag","embeddable":true,"href":"https:\/\/www.caririemacao.com\/1\/wp-json\/wp\/v2\/tags?post=179310"}],"curies":[{"name":"wp","href":"https:\/\/api.w.org\/{rel}","templated":true}]}}